{"id":716,"date":"2022-12-02T23:49:49","date_gmt":"2022-12-02T21:49:49","guid":{"rendered":"http:\/\/scientifiquesfrancais.fr\/?p=716"},"modified":"2022-12-06T00:40:51","modified_gmt":"2022-12-05T22:40:51","slug":"la-terre-armenienne-une-source-dinnovations","status":"publish","type":"post","link":"http:\/\/scientifiquesfrancais.fr\/?p=716","title":{"rendered":"La terre arm\u00e9nienne &#8211; une source d\u2019innovations"},"content":{"rendered":"<p><img loading=\"lazy\" decoding=\"async\" class=\"alignnone size-medium wp-image-745\" src=\"http:\/\/scientifiquesfrancais.fr\/wp-content\/uploads\/2022\/12\/Vehary-Sakanyan-300x300.jpeg\" alt=\"\" width=\"300\" height=\"300\" srcset=\"http:\/\/scientifiquesfrancais.fr\/wp-content\/uploads\/2022\/12\/Vehary-Sakanyan-300x300.jpeg 300w, http:\/\/scientifiquesfrancais.fr\/wp-content\/uploads\/2022\/12\/Vehary-Sakanyan-150x150.jpeg 150w, http:\/\/scientifiquesfrancais.fr\/wp-content\/uploads\/2022\/12\/Vehary-Sakanyan.jpeg 512w\" sizes=\"auto, (max-width: 300px) 100vw, 300px\" \/><\/p>\n<p style=\"font-weight: 400;\"><strong>Prof. Vehary Sakanyan<\/strong><\/p>\n<p style=\"font-weight: 400;\">Universit\u00e9 de Nantes, IICiMed, Facult\u00e9 de Pharmacie, 1 rue Gaston Veil 44035 Nantes<\/p>\n<p style=\"font-weight: 400;\"><a href=\"mailto:vehary.sakanyan@univ-nantes.fr\">vehary.sakanyan@univ-nantes.fr<\/a><\/p>\n<p style=\"font-weight: 400;\"><a href=\"mailto:vehary.sakanyan@orange.fr\">vehary.sakanyan@orange.fr<\/a><\/p>\n<p style=\"font-weight: 400;\"><strong>Les mots-cl\u00e9s\u00a0<\/strong>: terre arm\u00e9nienne, innovation technologique, fouilles arch\u00e9ologiques, civilisation transcaucasienne, \u00e9poque chalcolithique, vinification, viticulture, domestication du chien, observatoire pr\u00e9historique, diaspora arm\u00e9nienne, inventeurs arm\u00e9niens.<\/p>\n<p style=\"font-weight: 400;\"><strong>R\u00e9sum\u00e9<\/strong><\/p>\n<p style=\"font-weight: 400;\">Les r\u00e9centes trouvailles arch\u00e9ologiques effectu\u00e9es sur la terre arm\u00e9nienne t\u00e9moignent de la cr\u00e9ativit\u00e9 impressionnante de l\u2019homme \u00e0 l&rsquo;\u00e9poque du Chalcolithique et donnent une id\u00e9e du r\u00f4le important des innovations dans l\u2019\u00e9volution de la civilisation transcaucasienne, l&rsquo;une des plus anciennes. Les fouilles, entreprises par des exp\u00e9ditions internationales au cours des derni\u00e8res ann\u00e9es dans la caverne d&rsquo;Areni-1, situ\u00e9e dans la gorge de Vajots Dzor, ont permis de d\u00e9couvrir des objets en c\u00e9ramique, du cuir, des d\u00e9bris v\u00e9g\u00e9taux et humains. Leur datation par la m\u00e9thode radiom\u00e9trique a permis d\u2019\u00e9tablir de fa\u00e7on certaine qu&rsquo;ils sont issus de l&rsquo;activit\u00e9 des tribus transcaucasiennes habitant, il y a 6.000 ans, sur la terre arm\u00e9nienne. Une des d\u00e9couvertes majeures est celle du mocassin de \u00abhaute couture\u00bb, soulignant que cette innovation pour l\u2019habillement de l\u2019homme est plus ancienne qu\u2019on a pens\u00e9. Une autre innovation de valeur faite par l\u2019homme pr\u00e9historique est l\u2019\u00e9laboration d\u2019une technologie de vinification \u00e0 grande \u00e9chelle en utilisant une esp\u00e8ce domestiqu\u00e9e de la vigne. Ceci et d\u2019autres innovations remarquables, dont la cr\u00e9ation des observatoires en pierre pour scruter le ciel et la domestication du chien afin d\u2019assurer la vie quotidienne, pourraient d\u00e9terminer le progr\u00e8s graduel des tribus transcaucasiennes.<\/p>\n<p style=\"font-weight: 400;\">La nation arm\u00e9nienne, r\u00e9unie en l\u2019Etat Urartu au d\u00e9but du premier mill\u00e9naire av. J-C, s\u2019est distingu\u00e9e par ses connaissances \u00e9tendues dans la m\u00e9tallurgie et l&rsquo;architecture. Au cours des derniers si\u00e8cles, \u00e0 cause des circonstances historiques, beaucoup d\u2019Arm\u00e9niens ont quitt\u00e9 leur patrie pour s\u2019installer dans diff\u00e9rents coins du monde. La diaspora arm\u00e9nienne a jou\u00e9 un r\u00f4le important dans la diss\u00e9mination des connaissances uniques accumul\u00e9es au cours des si\u00e8cles et aussi dans la pr\u00e9servation de sa culture authentique. Plusieurs innovations remarquables sont li\u00e9es aux noms des Arm\u00e9niens vivant dans l\u2019ex-URSS (majoritairement en Russie), aux Etats Unis, en Europe et ailleurs. Malgr\u00e9 les cataclysmes historiques r\u00e9cents et l\u2019exode des cerveaux, le peuple de la R\u00e9publique d\u2019Arm\u00e9nie a pu conserver son esprit d\u2019innovations. Actuellement, l&rsquo;informatique est le domaine principal qui a suscit\u00e9 l&rsquo;int\u00e9r\u00eat des grandes firmes \u00e9trang\u00e8res \u00e0 investir dans le d\u00e9veloppement des technologies innovantes. L\u2019introduction des technologies innovantes dans l\u2019\u00e9conomie arm\u00e9nienne d\u00e9pend en premi\u00e8re ligne de la r\u00e9solution des probl\u00e8mes \u00e9nerg\u00e9tiques et de la diversification des sources \u00e9nerg\u00e9tiques.<\/p>\n<p style=\"font-weight: 400;\"><strong>Pr\u00e9sentation<\/strong><\/p>\n<p style=\"font-weight: 400;\">Le haut plateau arm\u00e9nien est l&rsquo;un des plus anciens berceaux de la civilisation dont t\u00e9moignent les nombreuses donn\u00e9es arch\u00e9ologiques. Dans cet expos\u00e9, d\u00e9di\u00e9 aux 25 ans de l&rsquo;Acad\u00e9mie Internationale des Sciences Ararat, je voudrais vous pr\u00e9senter les d\u00e9couvertes r\u00e9centes faites en Arm\u00e9nie en soulignant la valeur des innovations de l\u2019\u00e9poque pr\u00e9historique dans l\u2019avancement de cette civilisation. Cette vision d\u2019une personne du 21\u00e8me si\u00e8cle sur le r\u00f4le des innovations permet de mieux comprendre la succession des \u00e9v\u00e8nements culturels survenus sur la terre arm\u00e9nienne. C\u2019est aussi une r\u00e9flexion pour montrer l\u2019importance de la cr\u00e9ativit\u00e9 humaine \u00e0 travers les si\u00e8cles.<\/p>\n<p style=\"font-weight: 400;\">L&rsquo;innovation est un changement dans la pens\u00e9e visant \u00e0 ex\u00e9cuter une action nouvelle qui s&rsquo;inscrit dans une perspective d\u2019applications. On dit aujourd\u2019hui que l\u2019innovation est un moteur de croissance pour l\u2019\u00e9conomie d\u2019un pays. Elle est bas\u00e9e sur les inventions, regroupant des m\u00e9thodes et des techniques pour r\u00e9soudre un probl\u00e8me pratique, diff\u00e9rent selon chaque \u00e9poque. A titre d\u2019exemple, de nos jours, l\u2019invention d\u2019Internet est une innovation majeure pour l\u2019humanit\u00e9. Dans cette optique, je vous pr\u00e9senterai tout d\u2019abord les innovations tr\u00e8s anciennes faites en terre arm\u00e9nienne et puis quelques inventions majeures r\u00e9alis\u00e9es par le peuple arm\u00e9nien.<\/p>\n<p><img loading=\"lazy\" decoding=\"async\" class=\"alignnone size-medium wp-image-728\" src=\"http:\/\/scientifiquesfrancais.fr\/wp-content\/uploads\/2022\/12\/v1-300x198.jpeg\" alt=\"\" width=\"300\" height=\"198\" srcset=\"http:\/\/scientifiquesfrancais.fr\/wp-content\/uploads\/2022\/12\/v1-300x198.jpeg 300w, http:\/\/scientifiquesfrancais.fr\/wp-content\/uploads\/2022\/12\/v1-768x507.jpeg 768w, http:\/\/scientifiquesfrancais.fr\/wp-content\/uploads\/2022\/12\/v1-720x475.jpeg 720w, http:\/\/scientifiquesfrancais.fr\/wp-content\/uploads\/2022\/12\/v1.jpeg 959w\" sizes=\"auto, (max-width: 300px) 100vw, 300px\" \/><\/p>\n<p style=\"font-weight: 400;\">Il est connu que l\u2019histoire de l\u2019obsidienne est celle de l\u2019Homme pr\u00e9historique. Les mines d\u2019exploitation de l\u2019obsidienne ont \u00e9t\u00e9 trouv\u00e9es dans diff\u00e9rents pays de la plan\u00e8te, y compris en terre arm\u00e9nienne o\u00f9 une civilisation transcaucasienne a habit\u00e9 dans la r\u00e9gion montagneuse entre les lacs Sevan et Van (Wikip\u00e9dia, <strong>Fig. 1A<\/strong>). Les tribus de cette r\u00e9gion ont utilis\u00e9 cette pierre pour pr\u00e9parer des accessoires du quotidien, des armes et des outils, tels que les couteaux primitifs et les pointes des fl\u00e8ches (Pinhasi <em>et al<\/em>., 2006; Fig. <strong>1B<\/strong>).<\/p>\n<p><img loading=\"lazy\" decoding=\"async\" class=\"alignnone size-medium wp-image-729\" src=\"http:\/\/scientifiquesfrancais.fr\/wp-content\/uploads\/2022\/12\/v2-300x204.jpg\" alt=\"\" width=\"300\" height=\"204\" srcset=\"http:\/\/scientifiquesfrancais.fr\/wp-content\/uploads\/2022\/12\/v2-300x204.jpg 300w, http:\/\/scientifiquesfrancais.fr\/wp-content\/uploads\/2022\/12\/v2-768x523.jpg 768w, http:\/\/scientifiquesfrancais.fr\/wp-content\/uploads\/2022\/12\/v2.jpg 953w\" sizes=\"auto, (max-width: 300px) 100vw, 300px\" \/><\/p>\n<p style=\"font-weight: 400;\">L\u2019exploitation de l\u2019obsidienne fut donc une innovation technologique, peut-\u00eatre une des plus anciennes. Mais, l\u2019obsidienne arm\u00e9nienne, la seule au monde \u00e0 \u00eatre translucide et r\u00e9put\u00e9e pour sa beaut\u00e9, devient peu \u00e0 peu une pierre de prestige, une innovation culturelle et commerciale qui a travers\u00e9 les fronti\u00e8res de cette r\u00e9gion.<\/p>\n<p style=\"font-weight: 400;\">R\u00e9cemment, des d\u00e9couvertes arch\u00e9ologiques faites dans la gorge de Vaots Dzor ont attir\u00e9 une attention particuli\u00e8re. C\u2019est une histoire qui remonte \u00e0 la guerre froide. A la fin des ann\u00e9es 1970, le minist\u00e8re de la D\u00e9fense sovi\u00e9tique a men\u00e9 une enqu\u00eate sur les grottes \u00e0 travers l\u2019Arm\u00e9nie pour choisir celles qui pourraient \u00eatre utilis\u00e9es comme abri en cas de guerre nucl\u00e9aire. La cartographie de la Vall\u00e9e de la rivi\u00e8re Arpa a permis de d\u00e9couvrir 39 cavernes dont certaines pr\u00e9sentaient des signes d\u2019habitation d\u2019hommes anciens (<strong>Fig. 2A<\/strong>). En 2006, une \u00e9quipe internationale, dirig\u00e9e par Boris Gasparyan, Ron Pinhasi et Keith Wilkinson, a commenc\u00e9 des fouilles dans la caverne Grotte de l&rsquo;Oiseau, plus tard renomm\u00e9e Areni-1 (<strong>Fig. 2B<\/strong>). La caverne Areni-1 se compose de diff\u00e9rentes galeries, de passages et de niches dans lesquels on d\u00e9couvre du cuir, des fruits, de l&rsquo;herbe et du bois. Ces produits organiques sont exceptionnellement bien conserv\u00e9s gr\u00e2ce \u00e0 la temp\u00e9rature stable et \u00e0 l\u2019atmosph\u00e8re non favorables \u00e0 la croissance des champignons. En 2007 les chercheurs de l\u2019Universit\u00e9 de Los Angeles,\u00a0dirig\u00e9s par Gregory Areshian, se sont joints \u00e0 cette \u00e9quipe et ensemble ont organis\u00e9 une deuxi\u00e8me exp\u00e9dition qui a rapport\u00e9 des r\u00e9sultats scientifiques importants (Areshian <em>et al<\/em>., 2012). Cette nouvelle \u00e9quipe pluridisciplinaire, compos\u00e9e d\u2019arch\u00e9ologues, de botanistes, de biochimistes, de sp\u00e9cialistes de la poterie et de la m\u00e9tallurgie ancienne, a effectu\u00e9 une \u00e9tude approfondie des objets trouv\u00e9s dans la caverne. Une analyse de la datation des objets et des produits, faite en appliquant la technique radiom\u00e9trique (par comptage du <sup>14<\/sup>C r\u00e9siduel contenu dans la mati\u00e8re organique), a mis en \u00e9vidence l\u2019anciennet\u00e9 de la caverne Areni-1 remontant \u00e0 la p\u00e9riode Chalcolithique. L&rsquo;application de cette m\u00e9thode \u00e0 des \u00e9v\u00e9nements anciens permet de les dater beaucoup plus pr\u00e9cis\u00e9ment qu&rsquo;auparavant.<\/p>\n<p><img loading=\"lazy\" decoding=\"async\" class=\"alignnone size-medium wp-image-730\" src=\"http:\/\/scientifiquesfrancais.fr\/wp-content\/uploads\/2022\/12\/v3-300x199.jpg\" alt=\"\" width=\"300\" height=\"199\" srcset=\"http:\/\/scientifiquesfrancais.fr\/wp-content\/uploads\/2022\/12\/v3-300x199.jpg 300w, http:\/\/scientifiquesfrancais.fr\/wp-content\/uploads\/2022\/12\/v3-768x510.jpg 768w, http:\/\/scientifiquesfrancais.fr\/wp-content\/uploads\/2022\/12\/v3-720x475.jpg 720w, http:\/\/scientifiquesfrancais.fr\/wp-content\/uploads\/2022\/12\/v3.jpg 960w\" sizes=\"auto, (max-width: 300px) 100vw, 300px\" \/><\/p>\n<p style=\"font-weight: 400;\">D\u00e8s le d\u00e9but des fouilles, un mocassin, fait d&rsquo;un seul morceau de cuir et rempli d&rsquo;herbe s\u00e9ch\u00e9e a \u00e9t\u00e9 trouv\u00e9 (<strong>Fig. 3<\/strong>). Les \u00e9chantillons de cuir, d\u2019herbe et de charbon pr\u00e9lev\u00e9s ont \u00e9t\u00e9 analys\u00e9s et les r\u00e9sultats publi\u00e9s en 2010 (Pinhasi <em>et al<\/em>., 2010). A la surprise des arch\u00e9ologues, il a \u00e9t\u00e9 d\u00e9termin\u00e9 que ce mocassin avait environ 5.500 ans, c\u2019est-\u00e0-dire 1000 ans de plus que la chaussure en cuir d\u2019\u00d6tzi, l\u2019homme des glaces, retrouv\u00e9 il y a 30 ans dans un glacier alpin \u00e0 la fronti\u00e8re italo-autrichienne et qui avait suscit\u00e9 beaucoup d\u2019\u00e9motions. Quatre estimations ind\u00e9pendantes des \u00e9chantillons du cuir et des herbes ont prouv\u00e9 que leur \u00e2ge se situait entre 3653 et 3377 av. J-C (Areshian <em>et al<\/em>., 2012). Ainsi, ce mocassin arm\u00e9nien de \u00abhaute couture\u00bb, par rapport aux sandales \u00e9gyptiennes anciennes, constituerait une innovation majeure pour l\u2019habillement de l\u2019homme, un \u00e9v\u00e8nement plus ancien que l\u2019on a pens\u00e9.<\/p>\n<p><img loading=\"lazy\" decoding=\"async\" class=\"alignnone size-medium wp-image-731\" src=\"http:\/\/scientifiquesfrancais.fr\/wp-content\/uploads\/2022\/12\/v4-300x200.jpeg\" alt=\"\" width=\"300\" height=\"200\" srcset=\"http:\/\/scientifiquesfrancais.fr\/wp-content\/uploads\/2022\/12\/v4-300x200.jpeg 300w, http:\/\/scientifiquesfrancais.fr\/wp-content\/uploads\/2022\/12\/v4-768x512.jpeg 768w, http:\/\/scientifiquesfrancais.fr\/wp-content\/uploads\/2022\/12\/v4.jpeg 951w\" sizes=\"auto, (max-width: 300px) 100vw, 300px\" \/><\/p>\n<p style=\"font-weight: 400;\">Des arch\u00e9ologues y ont exhum\u00e9 aussi un autre tr\u00e9sor, les restes d&rsquo;un ancien pressoir, une cuve, des fragments de poteries, un bassin d\u2019argile poss\u00e9dant un conduit pour permettre au jus de raisin de se d\u00e9verser dans la cuve, une vraie technologie de la pr\u00e9paration du vin (Barnard <em>et al<\/em>., 2011; <strong>Fig. 4<\/strong>). L\u2019analyse des herbes s\u00e8ches (non carbonis\u00e9es) entourant la cuve a permis d\u2019\u00e9tablir leur origine biologique remontant entre 3967 et 3800 av. J-C. La calibration pr\u00e9cise des dates de trois \u00e9chantillons de p\u00e9pins et de la pulpe de raisin trouv\u00e9s dans l\u2019argile et dans le pressoir a situ\u00e9 leur \u00e2ge entre 4223 et 3790 ans av. J-C (Areshian <em>et al<\/em>., 2012).<\/p>\n<p><img loading=\"lazy\" decoding=\"async\" class=\"alignnone size-medium wp-image-734\" src=\"http:\/\/scientifiquesfrancais.fr\/wp-content\/uploads\/2022\/12\/v06-300x190.jpg\" alt=\"\" width=\"300\" height=\"190\" srcset=\"http:\/\/scientifiquesfrancais.fr\/wp-content\/uploads\/2022\/12\/v06-300x190.jpg 300w, http:\/\/scientifiquesfrancais.fr\/wp-content\/uploads\/2022\/12\/v06-768x487.jpg 768w, http:\/\/scientifiquesfrancais.fr\/wp-content\/uploads\/2022\/12\/v06.jpg 959w\" sizes=\"auto, (max-width: 300px) 100vw, 300px\" \/><\/p>\n<p style=\"font-weight: 400;\">Les pal\u00e9o-botanistes ont analys\u00e9 l\u2019ADN des grains de raisin d\u00e9couverts \u00e0 Areni-1 et d\u00e9termin\u00e9 qu&rsquo;ils appartenaient \u00e0 l&rsquo;esp\u00e8ce <em>Vitis vinifera silvestris<\/em>, une ancienne vari\u00e9t\u00e9 de vigne domestiqu\u00e9e et qui est encore cultiv\u00e9e en Arm\u00e9nie de nos jours (<strong>Fig. 5A<\/strong>). Donc, cette vigne pourrait \u00eatre utilis\u00e9e d\u00e8s cette \u00e9poque pour la pr\u00e9paration du vin. Il est connu que la d\u00e9tection des traces de vin sur les objets arch\u00e9ologiques s\u2019av\u00e8re tr\u00e8s difficile \u00e0 cause de la disparation de l\u2019alcool avec le temps. Afin de confirmer l\u2019anciennet\u00e9 du vin, les chercheurs ont appliqu\u00e9 une nouvelle m\u00e9thode de d\u00e9tection d\u2019un marqueur particulier, la malvidine (Barnard <em>et al<\/em>., 2011; <strong>Fig. 5B<\/strong>). Ce pigment rouge caract\u00e9ristique du raisin a l&rsquo;avantage d\u2019\u00eatre plus stable et pr\u00e9sent dans un petit nombre d\u2019esp\u00e8ces v\u00e9g\u00e9tales, telles que la vigne. La d\u00e9tection de la malvidine est bas\u00e9e sur son traitement dans les conditions basiques provoquant sa transformation en acide syringique qui peut \u00eatre d\u00e9tect\u00e9 par spectrom\u00e9trie de masse. Cette mol\u00e9cule a \u00e9t\u00e9 d\u00e9cel\u00e9e sur le pressoir et sur d\u2019autres objets en c\u00e9ramique de la caverne, preuve de la pr\u00e9paration du vin \u00e0 partir de la vigne domestiqu\u00e9e il y a 6100 ans sur la terre arm\u00e9nienne. Il faut noter que les \u00c9gyptiens d\u00e9tiennent des archives faisant r\u00e9f\u00e9rence \u00e0 l&rsquo;utilisation du raisin pour produire du vin \u00e0 partir des \u00e9chantillons trouv\u00e9s dans la tombe du roi \u00e9gyptien Scorpion 1<sup>er<\/sup>et sa datation a \u00e9t\u00e9 \u00e9tablie \u00e0 5100 ans (environ 3100 ans av. J-C). Donc, les trouvailles dans Areni-1 sont d\u2019environ 1000 ans plus anciennes.<\/p>\n<p style=\"font-weight: 400;\">L\u2019apparition \u00e0 cette \u00e9poque de la viticulture et de la vinification \u00e0 une \u00e9chelle importante, accompagn\u00e9e par le d\u00e9veloppement des techniques c\u00e9ramiques, ne t\u00e9moigne pas de la d\u00e9gradation des m\u0153urs de la soci\u00e9t\u00e9, mais au contraire, de l\u2019\u00e9tat avanc\u00e9 de la civilisation transcaucasienne. Pour mieux comprendre la valeur du proc\u00e9d\u00e9 de la pr\u00e9paration du vin, primitif \u00e0 l\u2019\u00e9poque, suivons la fabrication du vin de nos jours (<strong>Fig. 6<\/strong>). La technologie se d\u00e9roule en 5 \u00e9tapes: la r\u00e9colte, le pressage, la fermentation, l\u2019affinage et la clarification. Pour ma\u00eetriser la production du vin, il faut connaitre les cycles de la vigne, savoir comment l\u2019alimenter en eau et la prot\u00e9ger des d\u00e9g\u00e2ts. Toutes les \u00e9tapes, except\u00e9 celle de la clarification du vin par les techniques modernes, auraient pu \u00eatre effectu\u00e9es par l\u2019homme pr\u00e9historique. Ainsi, la domestication de la vigne sauvage et la transformation des hydrates de carbone en alcool par les levures au cours de la vinification sont des innovations marquantes prouvant l\u2019avancement de la soci\u00e9t\u00e9 humaine de l\u2019\u00e9poque. Je pense que ces r\u00e9sultats impressionnants comblent des lacunes de l\u2019histoire de l\u2019Arm\u00e9nie tout en apportant une connaissance int\u00e9ressante de l\u2019\u00e9volution culturelle de l\u2019homme.<\/p>\n<p><img loading=\"lazy\" decoding=\"async\" class=\"alignnone size-medium wp-image-735\" src=\"http:\/\/scientifiquesfrancais.fr\/wp-content\/uploads\/2022\/12\/v7-300x207.jpg\" alt=\"\" width=\"300\" height=\"207\" srcset=\"http:\/\/scientifiquesfrancais.fr\/wp-content\/uploads\/2022\/12\/v7-300x207.jpg 300w, http:\/\/scientifiquesfrancais.fr\/wp-content\/uploads\/2022\/12\/v7-768x531.jpg 768w, http:\/\/scientifiquesfrancais.fr\/wp-content\/uploads\/2022\/12\/v7.jpg 959w\" sizes=\"auto, (max-width: 300px) 100vw, 300px\" \/><\/p>\n<p style=\"font-weight: 400;\">Les tribus transcaucasiennes ont \u00e9t\u00e9 aussi int\u00e9ress\u00e9es par le cosmos comme en t\u00e9moigne un site Zorats karer (en fran\u00e7ais Pierres des Guerriers), nomm\u00e9 officiellement l\u2019observatoire de Karahunj, localis\u00e9 pas loin de Sissian \u00e0 une altitude de 1770 m (<strong>Fig. 7<\/strong>). Les faits marquants de cet ensemble m\u00e9galithique de 5000 ans sont des pierres positionn\u00e9es de fa\u00e7on align\u00e9e et syst\u00e9matique pour l\u2019observation du ciel. De plus, les trous d\u00e9couverts sur certaines pierres sont dirig\u00e9s vers l\u2019horizon pour scruter le ciel nocturne, les cercles lunaires ou m\u00eame le lever du soleil au solstice. On pense que ces pierres perc\u00e9es seraient les pr\u00e9d\u00e9cesseurs des sextants optiques modernes et des t\u00e9lescopes.<\/p>\n<p><img loading=\"lazy\" decoding=\"async\" class=\"alignnone size-medium wp-image-743\" src=\"http:\/\/scientifiquesfrancais.fr\/wp-content\/uploads\/2022\/12\/v09-300x174.jpg\" alt=\"\" width=\"300\" height=\"174\" srcset=\"http:\/\/scientifiquesfrancais.fr\/wp-content\/uploads\/2022\/12\/v09-300x174.jpg 300w, http:\/\/scientifiquesfrancais.fr\/wp-content\/uploads\/2022\/12\/v09-768x445.jpg 768w, http:\/\/scientifiquesfrancais.fr\/wp-content\/uploads\/2022\/12\/v09.jpg 959w\" sizes=\"auto, (max-width: 300px) 100vw, 300px\" \/><\/p>\n<p style=\"font-weight: 400;\">D\u2019autres d\u00e9couvertes int\u00e9ressantes ont \u00e9t\u00e9 faites \u00e0 Metsamor, pas loin d\u2019Erevan. Les dessins sur les pierres, d\u00e9chiffr\u00e9s par Elma Parsamian en 1966, indiquent les positions pr\u00e9cises du Soleil, de la Lune et des plan\u00e8tes et leurs mouvements (<strong>Fig. 8<\/strong>). Ensemble, ces observations laissent \u00e0 penser que les tribus transcaucasiennes ont utilis\u00e9 leurs connaissances sur l\u2019astronomie dans l\u2019agriculture. Autrement dit, c\u2019est une application de l\u2019innovation \u00abcosmologique\u00bb pour les pr\u00e9occupations \u00abterrestres\u00bb par ces tribus.<\/p>\n<p style=\"font-weight: 400;\">Passons \u00e0 la domestication du chien, une innovation majeure dans l\u2019histoire de l\u2019homme, dont la premi\u00e8re remonte \u00e0 environ 15.000 ans en Chine. Les pictogrammes et les p\u00e9troglyphes trouv\u00e9s sur le plateau de l&rsquo;Arm\u00e9nie indiquent que le chien a \u00e9t\u00e9 aussi domestiqu\u00e9 il y a 3000 ans dans cette r\u00e9gion. L\u2019esp\u00e8ce la plus connue \u00e0 nos jours est un chien de berger, le Gampr arm\u00e9nien (appel\u00e9 aussi Aralza ou Gelkheght), r\u00e9put\u00e9 tr\u00e8s m\u00e9fiant vis \u00e0 vis de ceux qu&rsquo;il ne connait pas, mais d\u00e9vou\u00e9 \u00e0 son ma\u00eetre et \u00e0 sa famille, \u00e0 leur troupeau (http:\/\/en.wikipedia.org\/wiki\/Armenian_Gampr_dog).J\u2019ai d\u00e9cid\u00e9 de parler de cette formidable esp\u00e8ce canine pour la raison suivante. Au cours des 20 derni\u00e8res ann\u00e9es, le Gampr a gagn\u00e9 du terrain dans le cercle officiel turc sous diff\u00e9rents noms, en particulier sous le nom \u00abAnatolian Karabash dog\u00bb. Les descendants du Gampr ont \u00e9t\u00e9 d\u00e9crits comme \u00e9tant des esp\u00e8ces cr\u00e9\u00e9es par les Turcs en ignorant leur v\u00e9ritable origine. En Arm\u00e9nie on a r\u00e9agi \u00e0 cette falsification et un timbre postal a \u00e9t\u00e9 consacr\u00e9 au Gampr (<strong>Fig. 9<\/strong>). En avril 2011, l\u2019Union Internationale Cynologique (IKU) a officiellement reconnu le chien-loup arm\u00e9nien comme une race nationale (http:\/\/armeniansworld.com).<\/p>\n<p><img loading=\"lazy\" decoding=\"async\" class=\"alignnone size-medium wp-image-737\" src=\"http:\/\/scientifiquesfrancais.fr\/wp-content\/uploads\/2022\/12\/v8-300x197.jpg\" alt=\"\" width=\"300\" height=\"197\" srcset=\"http:\/\/scientifiquesfrancais.fr\/wp-content\/uploads\/2022\/12\/v8-300x197.jpg 300w, http:\/\/scientifiquesfrancais.fr\/wp-content\/uploads\/2022\/12\/v8-768x505.jpg 768w, http:\/\/scientifiquesfrancais.fr\/wp-content\/uploads\/2022\/12\/v8-720x475.jpg 720w, http:\/\/scientifiquesfrancais.fr\/wp-content\/uploads\/2022\/12\/v8.jpg 959w\" sizes=\"auto, (max-width: 300px) 100vw, 300px\" \/><\/p>\n<p style=\"font-weight: 400;\">Par ailleurs, des t\u00e9moignages historiques indiquent que des moines auraient introduit le Gampr dans les Alpes suisses dans les ann\u00e9es 1660 o\u00f9 il serait \u00e0 l\u2019origine du Saint Bernard, une belle esp\u00e8ce r\u00e9put\u00e9e salvatrice de l\u2019homme. Les \u00e9tudes scientifiques, bas\u00e9es sur l\u2019analyse de l\u2019ADN de nombreuses races canines, ont permis d\u2019\u00e9tablir leur appartenance g\u00e9n\u00e9tique en les r\u00e9partissant en 4 groupes et le chien Saint Bernard pr\u00e9sente un cluster distinct dans le groupe Herding (Ostrander and Wayne, 2005, voir <strong>Fig. 9<\/strong>). Malheureusement, l\u2019analyse de l\u2019ADN du Gampr n\u2019a pas \u00e9t\u00e9 effectu\u00e9e dans ces \u00e9tudes, r\u00e9alis\u00e9es avant la reconnaissance officielle du chien arm\u00e9nien. N\u00e9anmoins, la localisation du chien Saint Bernard dans un cluster distinct, l\u2019histoire de l\u2019introduction du Gampr dans les Alpes et les aspects morphologiques similaires entre les deux esp\u00e8ces soulignent leur apparent\u00e9 et indiquent l\u2019anciennet\u00e9 du chien arm\u00e9nien. Je crois que la v\u00e9rit\u00e9 sur l\u2019origine du Gampr vis-\u00e0-vis des chiens turcs sera prouv\u00e9e prochainement par l\u2019analyse de leur ADN.<\/p>\n<p style=\"font-weight: 400;\">La langue arm\u00e9nienne constitue une branche isol\u00e9e du groupe indo-europ\u00e9en (Gur\u00e9ghian, 2011). L\u2019apparition des Arm\u00e9niens en tant que nation est sujette \u00e0 controverses et les sp\u00e9cialistes de l\u2019Arm\u00e9nologie peuvent mieux l\u2019argumenter que moi. Il me semble que notre nation se soit form\u00e9e au d\u00e9but du premier mill\u00e9naire avant J-C par une fusion graduelle des tribus technologiquement et culturellement avanc\u00e9es et parlant la m\u00eame langue. Cela a \u00e9t\u00e9 suivi par l\u2019instauration de l\u2019\u00e9tat d\u2019Urartu. De nombreuses trouvailles arch\u00e9ologiques et les l\u00e9gendes t\u00e9moignent de l\u2019activit\u00e9 du peuple arm\u00e9nien de cette \u00e9poque, en se distinguant sp\u00e9cialement par ses connaissances \u00e9tendues dans la m\u00e9tallurgie et l&rsquo;architecture.<\/p>\n<p><img loading=\"lazy\" decoding=\"async\" class=\"alignnone size-medium wp-image-738\" src=\"http:\/\/scientifiquesfrancais.fr\/wp-content\/uploads\/2022\/12\/v10-300x193.jpg\" alt=\"\" width=\"300\" height=\"193\" srcset=\"http:\/\/scientifiquesfrancais.fr\/wp-content\/uploads\/2022\/12\/v10-300x193.jpg 300w, http:\/\/scientifiquesfrancais.fr\/wp-content\/uploads\/2022\/12\/v10-768x494.jpg 768w, http:\/\/scientifiquesfrancais.fr\/wp-content\/uploads\/2022\/12\/v10.jpg 959w\" sizes=\"auto, (max-width: 300px) 100vw, 300px\" \/><\/p>\n<p style=\"font-weight: 400;\">Plus tard, vers 405 de notre \u00e8re, le moine Mesrop Mashtots a cr\u00e9\u00e9 l\u2019alphabet, une innovation d\u2019une importance exceptionnelle pour le d\u00e9veloppement de la culture avec l\u2019ouverture de nombreuses \u00e9coles et l\u2019apparition d\u2019\u0153uvres litt\u00e9raires, de trait\u00e9s philosophiques, historiques, de travaux sur les sciences naturelles, la g\u00e9ographie, l&rsquo;astronomie, les math\u00e9matiques, etc (<strong>Fig. 10<\/strong>). La p\u00e9riode du V\u00e8me au VII\u00e8me si\u00e8cle est consid\u00e9r\u00e9e comme l\u2019Age d\u2019or de l\u2019Arm\u00e9nie. Puis, du 10\u00e8me au 13\u00e8me si\u00e8cle, les monast\u00e8res deviennent des centres importants d\u2019\u00e9ducation. Dans l\u2019un de ces monast\u00e8res, le pr\u00eatre Mkhitar Heratsi a \u00e9crit une encyclop\u00e9die sur la m\u00e9decine dans laquelle il a postul\u00e9 que la fi\u00e8vre provient des changements int\u00e9rieurs dans le corps, une id\u00e9e r\u00e9volutionnaire pour la m\u00e9decine m\u00e9di\u00e9vale.<\/p>\n<p style=\"font-weight: 400;\">Les inventions et les connaissances accumul\u00e9es pendant des si\u00e8cles ont d\u00e9pass\u00e9 les fronti\u00e8res arm\u00e9niennes. Une peinture rouge, connue sous le nom \u00abVordan Karmir\u00a0\u00bb, pr\u00e9par\u00e9e \u00e0 partir d\u2019un ver r\u00e9pandu dans la vall\u00e9e du Massis, a \u00e9t\u00e9 export\u00e9e en Inde et en Chine pour colorer la soie. Une reconnaissance mondiale des artisans arm\u00e9niens se manifeste dans la fabrication d\u2019autres colorants connus sous les noms d\u2019Armenian Bole, d\u2019Armenian Green ou encore d\u2019Armenian Blue (Mayer, 1991). Le Papier d\u2019Arm\u00e9nie, dont la pr\u00e9paration implique la r\u00e9sine de benjoin, r\u00e9put\u00e9e depuis l\u2019Antiquit\u00e9 pour ses propri\u00e9t\u00e9s antiseptiques, cicatrisantes et expectorantes, reste toujours le seul d\u00e9sodorisant d\u2019int\u00e9rieur \u00e0 \u00eatre utilis\u00e9 sous forme de papier dans le monde entier.<\/p>\n<p><img loading=\"lazy\" decoding=\"async\" class=\"alignnone size-medium wp-image-739\" src=\"http:\/\/scientifiquesfrancais.fr\/wp-content\/uploads\/2022\/12\/v6-300x177.jpg\" alt=\"\" width=\"300\" height=\"177\" srcset=\"http:\/\/scientifiquesfrancais.fr\/wp-content\/uploads\/2022\/12\/v6-300x177.jpg 300w, http:\/\/scientifiquesfrancais.fr\/wp-content\/uploads\/2022\/12\/v6-768x453.jpg 768w, http:\/\/scientifiquesfrancais.fr\/wp-content\/uploads\/2022\/12\/v6.jpg 960w\" sizes=\"auto, (max-width: 300px) 100vw, 300px\" \/><\/p>\n<p style=\"font-weight: 400;\">La <a href=\"http:\/\/fr.wikipedia.org\/wiki\/Diaspora_arm%C3%A9nienne\">diaspora arm\u00e9nienne<\/a> a jou\u00e9 aussi un r\u00f4le important dans la pr\u00e9servation de la culture arm\u00e9nienne. En Europe, on a pu \u00e9tudier l&rsquo;histoire, la litt\u00e9rature et la langue arm\u00e9nienne dans les monast\u00e8res, fond\u00e9s sur l\u2019\u00eele San Lazzaro dans le golfe V\u00e9nitien en 1717 et \u00e0 Vienne en 1810 et dans les \u00e9coles ouvertes par les p\u00e8res mekhitaristes (<strong>Fig. 11<\/strong>). Les Arm\u00e9niens ont fait des inventions remarquables dans plusieurs domaines de la vie. La premi\u00e8re invention officielle date de 1564 quand Anton Surian a brevet\u00e9 une m\u00e9thode de construction d\u2019un ponton prot\u00e9geant Venise des vaisseaux provenant de la lagune de la mer Adriatique. Je vous rappelle, que le brevetage, en tante qu\u2019acte de protection juridique de la propri\u00e9t\u00e9 intellectuelle, est apparu dans la premi\u00e8re moiti\u00e9 de XIII si\u00e8cle en Angleterre. En 1854 aux Etats-Unis, Christopher Der-Seropian a d\u00e9velopp\u00e9 une technique de production des couleurs verte et noire qui ont \u00e9t\u00e9 imm\u00e9diatement utilis\u00e9es pour s\u00e9curiser le dollar papier contre les falsifications, une invention restante toujours actuelle. En 1894, Lvov Ioanes Gukasian a propos\u00e9 une lampe au k\u00e9ros\u00e8ne, utilis\u00e9e en Allemagne comme lustre avant l&rsquo;\u00e8re de l&rsquo;\u00e9lectricit\u00e9.<\/p>\n<p style=\"font-weight: 400;\">Le peuple arm\u00e9nien a apport\u00e9 une contribution importante dans diff\u00e9rents domaines en ex-URSS; 33.000 brevets ont \u00e9t\u00e9 d\u00e9pos\u00e9s durant la p\u00e9riode 1924 -1991. Les noms d\u2019Artem Mikoyan, le cr\u00e9ateur du premier avion de chasse sovi\u00e9tique \u00e0 r\u00e9action supersonique, d\u2019Hovhannes Adamian, l\u2019inventeur de la t\u00e9l\u00e9vision en couleur\u00a0; de Nikolai Enikolopov, un des fondateurs de la science des polym\u00e8res\u00a0; de Sos Alikhanian, le fondateur de l&rsquo;\u00e9cole sovi\u00e9tique de g\u00e9n\u00e9tique des micro-organismes et de l\u2019industrie microbiologique resteront pour toujours grav\u00e9s dans l\u2019histoire malgr\u00e9 la disparition de l\u2019Union sovi\u00e9tique. Malheureusement, dans cette pr\u00e9sentation je ne peux pas citer les noms de tous les inventeurs \u00e9minents dispers\u00e9s dans le monde.<\/p>\n<p><img loading=\"lazy\" decoding=\"async\" class=\"alignnone size-medium wp-image-740\" src=\"http:\/\/scientifiquesfrancais.fr\/wp-content\/uploads\/2022\/12\/V12-300x201.jpg\" alt=\"\" width=\"300\" height=\"201\" srcset=\"http:\/\/scientifiquesfrancais.fr\/wp-content\/uploads\/2022\/12\/V12-300x201.jpg 300w, http:\/\/scientifiquesfrancais.fr\/wp-content\/uploads\/2022\/12\/V12-768x513.jpg 768w, http:\/\/scientifiquesfrancais.fr\/wp-content\/uploads\/2022\/12\/V12.jpg 959w\" sizes=\"auto, (max-width: 300px) 100vw, 300px\" \/><\/p>\n<p style=\"font-weight: 400;\">A la fin de cet expos\u00e9 je voudrais bri\u00e8vement d\u00e9crire la situation actuelle du d\u00e9veloppement des technologies innovantes et leurs implantations en R\u00e9publique d\u2019Arm\u00e9nie. Deux cataclysmes cons\u00e9cutifs, le s\u00e9isme suivi par la chute de l\u2019ex-URSS, qui a \u00e9t\u00e9 ferm\u00e9 derri\u00e8re le \u00abrideau de fer\u00bb, ont s\u00e9rieusement affect\u00e9 l\u2019\u00e9conomie et la vie en Arm\u00e9nie. De nombreux sp\u00e9cialistes de haut niveau, les inventeurs \u00e9ventuels, ont \u00e9t\u00e9 quitt\u00e9 le pays, un ph\u00e9nom\u00e8ne de \u00abbrain drain\u00bb (<strong>Fig. 12<\/strong>). Certains consid\u00e8rent que cet exode de cerveaux est une menace importante pour le d\u00e9veloppement du pays. Mais je pense que la peur de cet exode est exag\u00e9r\u00e9e. Des \u00e9tudes r\u00e9centes de ce probl\u00e8me dans d\u2019autres pays montrent, que l\u2019exode est b\u00e9n\u00e9fique pour le pays \u00abexportateur\u00bb. De plus, la mondialisation de l\u2019\u00e9conomie stimule une \u00abcirculation des cerveaux\u00bb entre diff\u00e9rents pays. Ainsi, si la politique \u00e9conomique de l\u2019Arm\u00e9nie devient attractive pour ses citoyens qui travaillent \u00e0 l\u2019\u00e9tranger, ils reviendront.<\/p>\n<p style=\"font-weight: 400;\">Malgr\u00e9 les difficult\u00e9s, la situation \u00e9conomique de l\u2019Arm\u00e9nie s\u2019am\u00e9liore doucement et le peuple maintient son esprit d\u2019innovations. Un des secteurs cl\u00e9s pour le pays est l\u2019informatique qui compte environ 300 petites soci\u00e9t\u00e9s dont le chiffre d\u2019affaires s\u2019\u00e9l\u00e8ve \u00e0 200 millions d\u2019euros. R\u00e9cemment, Microsoft et Apple, les deux compagnies leaders dans ce domaine, ont \u00e9t\u00e9 int\u00e9ress\u00e9es par les travaux des informaticiens arm\u00e9niens. Ces compagnies soutiennent des inventeurs individuels et les start-up qui sont impliqu\u00e9es dans le d\u00e9veloppement d\u2019outils informatiques et de leurs applications. D\u2019autres secteurs prometteurs sont la chimie et la pharmacologie. Actuellement le pays ne produit que quelques m\u00e9dicaments g\u00e9n\u00e9riques, mais il envisage d\u2019exporter, d\u2019ici \u00e0 quelques ann\u00e9es, des produits et des outils m\u00e9dicaux, invent\u00e9s par des scientifiques arm\u00e9niens.<\/p>\n<p style=\"font-weight: 400;\">Je pense que les ann\u00e9es \u00e0 venir seront d\u00e9cisives pour l\u2019Arm\u00e9nie dans l\u2019innovation de l\u2019\u00e9conomie si elle r\u00e9ussit \u00e0 r\u00e9gler d\u2019abord le probl\u00e8me \u00e9nerg\u00e9tique. La centrale nucl\u00e9aire arm\u00e9nienne a \u00e9t\u00e9 test\u00e9e et renforc\u00e9e pour r\u00e9sister aux tremblements de terre en 2012 avec l&rsquo;aide de l&rsquo;Union europ\u00e9enne. Par ailleurs, l&rsquo;Arm\u00e9nie et l&rsquo;Iran ont l&rsquo;intention d&rsquo;entreprendre la construction d\u2019un ol\u00e9oduc, d\u2019un chemin de fer et d\u2019une centrale hydro\u00e9lectrique sur le fleuve Araxe en 2012.<\/p>\n<p><img loading=\"lazy\" decoding=\"async\" class=\"alignnone size-medium wp-image-741\" src=\"http:\/\/scientifiquesfrancais.fr\/wp-content\/uploads\/2022\/12\/Vv3-300x210.jpg\" alt=\"\" width=\"300\" height=\"210\" srcset=\"http:\/\/scientifiquesfrancais.fr\/wp-content\/uploads\/2022\/12\/Vv3-300x210.jpg 300w, http:\/\/scientifiquesfrancais.fr\/wp-content\/uploads\/2022\/12\/Vv3-768x538.jpg 768w, http:\/\/scientifiquesfrancais.fr\/wp-content\/uploads\/2022\/12\/Vv3.jpg 960w\" sizes=\"auto, (max-width: 300px) 100vw, 300px\" \/><\/p>\n<p style=\"font-weight: 400;\">Je vous ai pr\u00e9sent\u00e9 ma vision sur le r\u00f4le des innovations issues de la terre arm\u00e9nienne pour montrer qu\u2019elles seraient \u00e0 la base de la cr\u00e9ation de la richesse culturelle arm\u00e9nienne dans sa p\u00e9rennit\u00e9. J\u2019ai \u00e9t\u00e9 passionn\u00e9 par les d\u00e9couvertes faites dans la caverne Areni-1, qui m\u2019ont stimul\u00e9 \u00e0 insister sur le r\u00f4le des innovations dans l\u2019histoire de peuple arm\u00e9nien. Je termine cette pr\u00e9sentation avec l\u2019image du Mont Ararat, douleur et fiert\u00e9 des Arm\u00e9niens, qui a accueilli l\u2019arche de No\u00e9, symboliquement repr\u00e9sent\u00e9e par un dessin de mon fils (<strong>Fig.\u00a013<\/strong>). Sur cette figure, vous reconnaissez aussi le signe de l\u2019\u00e9ternit\u00e9 sculpt\u00e9 sur les \u00abkatchkars\u00bb. Je souhaite \u00e0 tous les scientifiques de l\u2019Arm\u00e9nie et de la diaspora qu\u2019ils continuent \u00e0 inventer et \u00e0 innover pour l\u2019Arm\u00e9nie, pour la France et pour l\u2019humanit\u00e9 dans cet esprit d\u2019\u00e9ternit\u00e9.<\/p>\n<p style=\"font-weight: 400;\">Je remercie chaleureusement le Professeur Gregory Areshian de l\u2019Universit\u00e9 de Californie \u00e0 Los Angeles qui m\u2019a envoy\u00e9 ses publications r\u00e9centes sur Areni-1. Je remercie les personnes anonymes de Wikipedia qui ont fourni des informations sur le site http:\/\/fr.wikipedia.org. J\u2019ai consult\u00e9 aussi le site de l\u2019Acad\u00e9mie Nationale des Sciences d\u2019Arm\u00e9nie. J\u2019exprime ma gratitude \u00e0 ma coll\u00e8gue Mich\u00e8le Lecocq de l\u2019Universit\u00e9 de Nantes pour son aide. Je voudrais aussi remercier le Professeur G\u00e9rard Bossi\u00e8re, Pr\u00e9sident de Menez Ararat en Bretagne et le Professeur Agop Kerkiacharian, Pr\u00e9sident de l\u2019Acad\u00e9mie Internationale des Sciences Ararat, pour leur encouragement dans la pr\u00e9paration de cet expos\u00e9. Enfin, ma famille, mon \u00e9pouse Irina Prochina-Sakanyan et mes enfants, Artak et Anna, ont toujours \u00e9t\u00e9 \u00e0 mes c\u00f4t\u00e9s.<\/p>\n<p style=\"font-weight: 400;\"><strong>R\u00e9f\u00e9rences bibliographiques<\/strong><\/p>\n<p style=\"font-weight: 400;\">Areshian G. E., Gasparyan B., Avetisyan P. S., Pinhasi R., Wilkinson K., Smith A., Hovsepyan R. &amp; Zardaryan D. (2012) The chalcolithic of the Near East and south-eastern Europe: discoveries and new perspectives from the cave complex Areni-1, Armenia. <em>Antiquity<\/em>, 86, p. 115-130, <a href=\"http:\/\/antiquity.ac.uk\/ant\/086\/ant0860115.htm\">http:\/\/antiquity.ac.uk\/ant\/086\/ant0860115.htm<\/a>.<\/p>\n<p style=\"font-weight: 400;\">Barnard H., Dooley A. N., Areshian G., Gasparyan B. &amp; Faull K. F. (2011) Chemical evidence for wine production around 4000 BCE in the Late Chalcolithic Near Eastern highlands. <em>J. Arch. Sc.<\/em>, mai, p. 977-984.<\/p>\n<p style=\"font-weight: 400;\">Gur\u00e9ghian J. V.D. (2011) Histoire d\u2019Arm\u00e9nie. Ed. Yoran Embanner, Fouesnant, 349 pages.<\/p>\n<p style=\"font-weight: 400;\">Ostrander E. A. &amp; Wayne R. K. (2005) The canine genome. <em>Genome Res. <\/em>15, p. 1706-1716, doi:10.1101\/gr.3736605.<\/p>\n<p style=\"font-weight: 400;\">Pinhasi R., Gasparian B., Wilkinson K., Schreve D., Branch N. &amp; S. Nahapetyan. (2006). The archaeology of Hovk, north-east Armenia: a preliminary report. <em>Antiquity,<\/em> 80 (308) June, <a href=\"http:\/\/www.antiquity.ac.uk\/projgall\/king\/king.html\">http:\/\/www.antiquity.ac.uk\/projgall\/king\/king.html<\/a>.<\/p>\n<p style=\"font-weight: 400;\">Pinhasi R., Gasparian B., Areshian G., Zardaryan D., Smith A., Bar-Oz G. &amp; Higham T. (2010) First direct evidence of chalcolithic footwear from the near eastern highlands. <em>PLoS ONE,<\/em> 5(6): e10984. doi: 10.1371\/journal.pone.0010984.<\/p>\n<p style=\"font-weight: 400;\">Mayer Ralph (1981) A dictionary of art terms and techniques. Ed. Barnes &amp; Noble Books. 447 pages.<\/p>\n<p style=\"font-weight: 400;\">\n","protected":false},"excerpt":{"rendered":"<p>Prof. Vehary Sakanyan Universit\u00e9 de Nantes, IICiMed, Facult\u00e9 de Pharmacie, 1 rue Gaston Veil 44035&#8230;<\/p>\n","protected":false},"author":1,"featured_media":730,"comment_status":"open","ping_status":"open","sticky":false,"template":"","format":"standard","meta":{"footnotes":""},"categories":[23],"tags":[],"class_list":["post-716","post","type-post","status-publish","format-standard","has-post-thumbnail","hentry","category-chimie"],"_links":{"self":[{"href":"http:\/\/scientifiquesfrancais.fr\/index.php?rest_route=\/wp\/v2\/posts\/716","targetHints":{"allow":["GET"]}}],"collection":[{"href":"http:\/\/scientifiquesfrancais.fr\/index.php?rest_route=\/wp\/v2\/posts"}],"about":[{"href":"http:\/\/scientifiquesfrancais.fr\/index.php?rest_route=\/wp\/v2\/types\/post"}],"author":[{"embeddable":true,"href":"http:\/\/scientifiquesfrancais.fr\/index.php?rest_route=\/wp\/v2\/users\/1"}],"replies":[{"embeddable":true,"href":"http:\/\/scientifiquesfrancais.fr\/index.php?rest_route=%2Fwp%2Fv2%2Fcomments&post=716"}],"version-history":[{"count":8,"href":"http:\/\/scientifiquesfrancais.fr\/index.php?rest_route=\/wp\/v2\/posts\/716\/revisions"}],"predecessor-version":[{"id":718,"href":"http:\/\/scientifiquesfrancais.fr\/index.php?rest_route=\/wp\/v2\/posts\/716\/revisions\/718"}],"wp:featuredmedia":[{"embeddable":true,"href":"http:\/\/scientifiquesfrancais.fr\/index.php?rest_route=\/wp\/v2\/media\/730"}],"wp:attachment":[{"href":"http:\/\/scientifiquesfrancais.fr\/index.php?rest_route=%2Fwp%2Fv2%2Fmedia&parent=716"}],"wp:term":[{"taxonomy":"category","embeddable":true,"href":"http:\/\/scientifiquesfrancais.fr\/index.php?rest_route=%2Fwp%2Fv2%2Fcategories&post=716"},{"taxonomy":"post_tag","embeddable":true,"href":"http:\/\/scientifiquesfrancais.fr\/index.php?rest_route=%2Fwp%2Fv2%2Ftags&post=716"}],"curies":[{"name":"wp","href":"https:\/\/api.w.org\/{rel}","templated":true}]}}