{"id":538,"date":"2021-09-06T00:50:40","date_gmt":"2021-09-05T22:50:40","guid":{"rendered":"http:\/\/scientifiquesfrancais.fr\/?p=538"},"modified":"2021-09-06T00:50:40","modified_gmt":"2021-09-05T22:50:40","slug":"regime-equilibre-pour-prevenir-les-infections-et-contagieuses-au-sujet-de-la-pathologie-du-covid-19","status":"publish","type":"post","link":"http:\/\/scientifiquesfrancais.fr\/?p=538","title":{"rendered":"R\u00c9GIME \u00c9QUILIBR\u00c9 POUR PR\u00c9VENIR LES INFECTIONS ET CONTAGIEUSES, AU SUJET DE LA PATHOLOGIE DU COVID-19."},"content":{"rendered":"<p><img loading=\"lazy\" decoding=\"async\" class=\"alignnone  wp-image-539\" src=\"http:\/\/scientifiquesfrancais.fr\/wp-content\/uploads\/2021\/09\/Bartolome-Ribas2-300x200.jpg\" alt=\"\" width=\"363\" height=\"242\" srcset=\"http:\/\/scientifiquesfrancais.fr\/wp-content\/uploads\/2021\/09\/Bartolome-Ribas2-300x200.jpg 300w, http:\/\/scientifiquesfrancais.fr\/wp-content\/uploads\/2021\/09\/Bartolome-Ribas2-1024x683.jpg 1024w, http:\/\/scientifiquesfrancais.fr\/wp-content\/uploads\/2021\/09\/Bartolome-Ribas2-768x512.jpg 768w, http:\/\/scientifiquesfrancais.fr\/wp-content\/uploads\/2021\/09\/Bartolome-Ribas2-1536x1024.jpg 1536w, http:\/\/scientifiquesfrancais.fr\/wp-content\/uploads\/2021\/09\/Bartolome-Ribas2-2048x1365.jpg 2048w\" sizes=\"auto, (max-width: 363px) 100vw, 363px\" \/><\/p>\n<p>Prof. Bartolome Ribas Ozonas<\/p>\n<p>General secretary, Vice President, Royal National Academy of Pharmacy, Spain<\/p>\n<p>&nbsp;<\/p>\n<p>R\u00e9gime \u00e9quilibr\u00e9 pour pr\u00e9venir les infections et contagieuses, au sujet de la pathologie du COVID-19.<\/p>\n<p>R\u00e9gime equilibr\u00e9 a pr\u00e9voirinfections et contagion aussienvers COVID-19 pand\u00e9mie.<\/p>\n<p>En tant que biochimiste, je propose quelques donn\u00e9es sur la biochimie mol\u00e9culaire pour pr\u00e9venir les infections, contagieuses et d\u2019autres comme les pathologies du COVID-19 produites par le virus SARS-coV-2 st ses diff\u00e9rents mutants.<\/p>\n<p>La solidarit\u00e9 du point de vue biochimique envers l&rsquo;enseignement et la formation nous fait \u00e9crire cet article en d\u00e9fense de l\u2019harmonie du corps humain, pour avoir un corps sain, fort et robuste, dont les d\u00e9fenses \u00e9liminent les virus, les bact\u00e9ries et les toxines. Ces donn\u00e9es fussent d\u00e9j\u00e0<\/p>\n<p>expos\u00e9s oralement dans un panel de la World Academy Art &amp; Science, d&rsquo;autres institutions acad\u00e9miques et Congr\u00e8s.<\/p>\n<p>Comme pour le corps humain, l&rsquo;harmonie est cruciale dans l&rsquo;Univers, le syst\u00e8me solaire, l&rsquo;atome, la musique, qui sont bas\u00e9s sur la physique, les math\u00e9matiques et les r\u00e9actions chimiques entre atomes et mol\u00e9cules figure 1.<\/p>\n<p><img loading=\"lazy\" decoding=\"async\" class=\"alignnone size-medium wp-image-540\" src=\"http:\/\/scientifiquesfrancais.fr\/wp-content\/uploads\/2021\/09\/ribas4-300x230.jpg\" alt=\"\" width=\"300\" height=\"230\" srcset=\"http:\/\/scientifiquesfrancais.fr\/wp-content\/uploads\/2021\/09\/ribas4-300x230.jpg 300w, http:\/\/scientifiquesfrancais.fr\/wp-content\/uploads\/2021\/09\/ribas4-1024x786.jpg 1024w, http:\/\/scientifiquesfrancais.fr\/wp-content\/uploads\/2021\/09\/ribas4-768x590.jpg 768w, http:\/\/scientifiquesfrancais.fr\/wp-content\/uploads\/2021\/09\/ribas4.jpg 1141w\" sizes=\"auto, (max-width: 300px) 100vw, 300px\" \/> <img loading=\"lazy\" decoding=\"async\" class=\"alignnone size-medium wp-image-541\" src=\"http:\/\/scientifiquesfrancais.fr\/wp-content\/uploads\/2021\/09\/ribas1-300x231.jpg\" alt=\"\" width=\"300\" height=\"231\" srcset=\"http:\/\/scientifiquesfrancais.fr\/wp-content\/uploads\/2021\/09\/ribas1-300x231.jpg 300w, http:\/\/scientifiquesfrancais.fr\/wp-content\/uploads\/2021\/09\/ribas1-1024x787.jpg 1024w, http:\/\/scientifiquesfrancais.fr\/wp-content\/uploads\/2021\/09\/ribas1-768x591.jpg 768w, http:\/\/scientifiquesfrancais.fr\/wp-content\/uploads\/2021\/09\/ribas1.jpg 1160w\" sizes=\"auto, (max-width: 300px) 100vw, 300px\" \/><\/p>\n<p>Tout cela jusqu&rsquo;\u00e0 l&rsquo;apparition des maladies g\u00e9n\u00e9tiques ou non et dans la vieillesse.<\/p>\n<p>Fig.3. \u00c0 partir du haut\u00a0: les \u00e9l\u00e9ments min\u00e9raux sont les atomes formant des mol\u00e9cules, celles-ci dans les cellules en tant que prot\u00e9ines, les enzymes catalyseurs du m\u00e9tabolisme dans les mitochondries, les noyaux et autres organites, formant les cellules sp\u00e9cialis\u00e9es dans chaque organe et tissus syst\u00e9miques en tant que syst\u00e8mes nerveux et cardiovasculaire, et enfin forment le corps humain. Organes syst\u00e9miques dans le corps humain en harmonie, comme mentionn\u00e9 pr\u00e9c\u00e9demment la musique et l&rsquo;Univers.<\/p>\n<p><img loading=\"lazy\" decoding=\"async\" class=\"alignnone size-medium wp-image-542\" src=\"http:\/\/scientifiquesfrancais.fr\/wp-content\/uploads\/2021\/09\/ribas2-300x225.jpg\" alt=\"\" width=\"300\" height=\"225\" srcset=\"http:\/\/scientifiquesfrancais.fr\/wp-content\/uploads\/2021\/09\/ribas2-300x225.jpg 300w, http:\/\/scientifiquesfrancais.fr\/wp-content\/uploads\/2021\/09\/ribas2-1024x767.jpg 1024w, http:\/\/scientifiquesfrancais.fr\/wp-content\/uploads\/2021\/09\/ribas2-768x575.jpg 768w, http:\/\/scientifiquesfrancais.fr\/wp-content\/uploads\/2021\/09\/ribas2.jpg 1170w\" sizes=\"auto, (max-width: 300px) 100vw, 300px\" \/><\/p>\n<p>Fig.4. Montrez les \u00e9l\u00e9ments essentiels \u00e0 la vie humaine en couleur et aucun \u00e9l\u00e9ment essentiel en gris, selon l&rsquo;Organisation mondiale de la sant\u00e9 et des experts scientifiques.<\/p>\n<p><img loading=\"lazy\" decoding=\"async\" class=\"alignnone size-medium wp-image-543\" src=\"http:\/\/scientifiquesfrancais.fr\/wp-content\/uploads\/2021\/09\/ribas4-1-300x230.jpg\" alt=\"\" width=\"300\" height=\"230\" srcset=\"http:\/\/scientifiquesfrancais.fr\/wp-content\/uploads\/2021\/09\/ribas4-1-300x230.jpg 300w, http:\/\/scientifiquesfrancais.fr\/wp-content\/uploads\/2021\/09\/ribas4-1-1024x786.jpg 1024w, http:\/\/scientifiquesfrancais.fr\/wp-content\/uploads\/2021\/09\/ribas4-1-768x590.jpg 768w, http:\/\/scientifiquesfrancais.fr\/wp-content\/uploads\/2021\/09\/ribas4-1.jpg 1141w\" sizes=\"auto, (max-width: 300px) 100vw, 300px\" \/><\/p>\n<p><strong>Fig5<\/strong>. Human body needs a <strong>balanced diet<\/strong> paying attention to <strong>fruits<\/strong> and <strong>vegetables<\/strong> in order to obtain vitamins and essential mineral elements as catalysators of metabolism in cytoplasma (glycolysis) and mitochondria (Krebs cycle and electron transport chain), for the necessary <strong>energy<\/strong> and to defend any type of infection from bacteria or viruses such as SARS-coV-2 and mutants.<\/p>\n<p>&nbsp;<\/p>\n<p><strong><img loading=\"lazy\" decoding=\"async\" class=\"alignnone size-medium wp-image-544\" src=\"http:\/\/scientifiquesfrancais.fr\/wp-content\/uploads\/2021\/09\/ribas5-300x240.jpg\" alt=\"\" width=\"300\" height=\"240\" srcset=\"http:\/\/scientifiquesfrancais.fr\/wp-content\/uploads\/2021\/09\/ribas5-300x240.jpg 300w, http:\/\/scientifiquesfrancais.fr\/wp-content\/uploads\/2021\/09\/ribas5-1024x819.jpg 1024w, http:\/\/scientifiquesfrancais.fr\/wp-content\/uploads\/2021\/09\/ribas5-768x614.jpg 768w, http:\/\/scientifiquesfrancais.fr\/wp-content\/uploads\/2021\/09\/ribas5.jpg 1114w\" sizes=\"auto, (max-width: 300px) 100vw, 300px\" \/><\/strong><\/p>\n<p><strong>Vitamins<\/strong> and <strong>trace elements<\/strong> there were already proposed by recognized authors as Vohora and Dobrowolski in 1990. <strong>In the same way<\/strong> and regarding the actual COVID-19 pandemic, the authors Rahman and Idid in 2021 published: On the signification of <strong>zinc<\/strong> as being a possible critical element in COVID-19 treatment?., in the: journal: Biological Trace Element Research.<\/p>\n<p><img loading=\"lazy\" decoding=\"async\" class=\"alignnone size-medium wp-image-545\" src=\"http:\/\/scientifiquesfrancais.fr\/wp-content\/uploads\/2021\/09\/ribas6-300x224.jpg\" alt=\"\" width=\"300\" height=\"224\" srcset=\"http:\/\/scientifiquesfrancais.fr\/wp-content\/uploads\/2021\/09\/ribas6-300x224.jpg 300w, http:\/\/scientifiquesfrancais.fr\/wp-content\/uploads\/2021\/09\/ribas6-1024x765.jpg 1024w, http:\/\/scientifiquesfrancais.fr\/wp-content\/uploads\/2021\/09\/ribas6-768x574.jpg 768w, http:\/\/scientifiquesfrancais.fr\/wp-content\/uploads\/2021\/09\/ribas6.jpg 1170w\" sizes=\"auto, (max-width: 300px) 100vw, 300px\" \/><\/p>\n<p><strong>Fig6. <\/strong>\u00a0represent the molecular structure of several essential vitamins, and<\/p>\n<p><img loading=\"lazy\" decoding=\"async\" class=\"alignnone size-medium wp-image-546\" src=\"http:\/\/scientifiquesfrancais.fr\/wp-content\/uploads\/2021\/09\/ribas7-300x226.jpg\" alt=\"\" width=\"300\" height=\"226\" srcset=\"http:\/\/scientifiquesfrancais.fr\/wp-content\/uploads\/2021\/09\/ribas7-300x226.jpg 300w, http:\/\/scientifiquesfrancais.fr\/wp-content\/uploads\/2021\/09\/ribas7-1024x770.jpg 1024w, http:\/\/scientifiquesfrancais.fr\/wp-content\/uploads\/2021\/09\/ribas7-768x577.jpg 768w, http:\/\/scientifiquesfrancais.fr\/wp-content\/uploads\/2021\/09\/ribas7.jpg 1169w\" sizes=\"auto, (max-width: 300px) 100vw, 300px\" \/><\/p>\n<p><strong>Fig7.<\/strong> show fruits and nuts necessary for a supplemented diet in case of pandemic as COVID-19 containing vitamins, essential mineral elements and fiber as also<\/p>\n<p><strong>Fig8. Vegetables rich in<\/strong> vit. C, folate, carotenoids, etc.<strong> Malnutrition<\/strong> and immunosuppression are very important risk factors.<\/p>\n<p><img loading=\"lazy\" decoding=\"async\" class=\"alignnone size-medium wp-image-547\" src=\"http:\/\/scientifiquesfrancais.fr\/wp-content\/uploads\/2021\/09\/ribas8-300x234.jpg\" alt=\"\" width=\"300\" height=\"234\" srcset=\"http:\/\/scientifiquesfrancais.fr\/wp-content\/uploads\/2021\/09\/ribas8-300x234.jpg 300w, http:\/\/scientifiquesfrancais.fr\/wp-content\/uploads\/2021\/09\/ribas8-1024x800.jpg 1024w, http:\/\/scientifiquesfrancais.fr\/wp-content\/uploads\/2021\/09\/ribas8-768x600.jpg 768w, http:\/\/scientifiquesfrancais.fr\/wp-content\/uploads\/2021\/09\/ribas8.jpg 1170w\" sizes=\"auto, (max-width: 300px) 100vw, 300px\" \/><\/p>\n<p><strong>Fig.9<\/strong>. Essential elements and vitamins are links of enzymes and increased substrate concentration and this one the next enzymatic chemical reaction. On the right it is represented the speed of an enzymatic reaction as a function of 6 different substrate concentrations.<\/p>\n<p><img loading=\"lazy\" decoding=\"async\" class=\"alignnone size-medium wp-image-548\" src=\"http:\/\/scientifiquesfrancais.fr\/wp-content\/uploads\/2021\/09\/ribas9-300x117.jpg\" alt=\"\" width=\"300\" height=\"117\" srcset=\"http:\/\/scientifiquesfrancais.fr\/wp-content\/uploads\/2021\/09\/ribas9-300x117.jpg 300w, http:\/\/scientifiquesfrancais.fr\/wp-content\/uploads\/2021\/09\/ribas9-1024x400.jpg 1024w, http:\/\/scientifiquesfrancais.fr\/wp-content\/uploads\/2021\/09\/ribas9-768x300.jpg 768w, http:\/\/scientifiquesfrancais.fr\/wp-content\/uploads\/2021\/09\/ribas9.jpg 1161w\" sizes=\"auto, (max-width: 300px) 100vw, 300px\" \/><\/p>\n<p><strong>Fig.10. show<\/strong> mitochondria <strong>left in<\/strong> healthy in <strong>youth age, <\/strong>and <strong>right <\/strong>in the <strong>elderly or in old age <\/strong>more vulnerable to malnutrition, obesity and to drugs alcoh0ol, tabac, etc. Mitochondria\u2019s are essential to have a healthy body with enough energy to avoid contagion, and reflexes the health and safety of our body. Mitochondria are the primary source of energy, and there are considered the <strong>metabolic turbine<\/strong> in energy production in our body. Cells are rich in mitochondria, in <strong>muscle: 800<\/strong> per cell, and in heart muscle tissue of contractile cells <strong>myocytes: 3000<\/strong> per cell generating movement thanks to the contractile proteins: actin and myosin.<\/p>\n<p><img loading=\"lazy\" decoding=\"async\" class=\"alignnone size-medium wp-image-549\" src=\"http:\/\/scientifiquesfrancais.fr\/wp-content\/uploads\/2021\/09\/ribas10-300x242.jpg\" alt=\"\" width=\"300\" height=\"242\" srcset=\"http:\/\/scientifiquesfrancais.fr\/wp-content\/uploads\/2021\/09\/ribas10-300x242.jpg 300w, http:\/\/scientifiquesfrancais.fr\/wp-content\/uploads\/2021\/09\/ribas10-1024x826.jpg 1024w, http:\/\/scientifiquesfrancais.fr\/wp-content\/uploads\/2021\/09\/ribas10-768x619.jpg 768w, http:\/\/scientifiquesfrancais.fr\/wp-content\/uploads\/2021\/09\/ribas10.jpg 1142w\" sizes=\"auto, (max-width: 300px) 100vw, 300px\" \/><\/p>\n<p><strong>FIG11<\/strong>. Food is converted in energy by glycolysis and Krebs cycle. <strong>After viruses<\/strong> contagion as coronavirus SARS CoV-2 and mutants the human body and immune system induce a paradigmatic defense metabolic activity in the organism, with a plethora of <strong>cells and molecules<\/strong>, the so called <strong>cytokines storm<\/strong><\/p>\n<p><img loading=\"lazy\" decoding=\"async\" class=\"alignnone size-medium wp-image-550\" src=\"http:\/\/scientifiquesfrancais.fr\/wp-content\/uploads\/2021\/09\/ribas11-300x238.jpg\" alt=\"\" width=\"300\" height=\"238\" srcset=\"http:\/\/scientifiquesfrancais.fr\/wp-content\/uploads\/2021\/09\/ribas11-300x238.jpg 300w, http:\/\/scientifiquesfrancais.fr\/wp-content\/uploads\/2021\/09\/ribas11-1024x811.jpg 1024w, http:\/\/scientifiquesfrancais.fr\/wp-content\/uploads\/2021\/09\/ribas11-768x608.jpg 768w, http:\/\/scientifiquesfrancais.fr\/wp-content\/uploads\/2021\/09\/ribas11.jpg 1164w\" sizes=\"auto, (max-width: 300px) 100vw, 300px\" \/><\/p>\n<p><strong>Fig.12. <\/strong>including cytokine, interleukines, numerous proteins, antibodies, immunoglobulins and immune defensive cells, lymphocytes, and many others. This avalanche called <strong>\u00ab\u00a0storm\u00a0\u00bb<\/strong> of cells and proteins simultaneously requires a huge amount of <strong>energy<\/strong> that comes from the cytoplasmic <strong>glycolysis<\/strong> and the mitochondrial <strong>Krebs cycle<\/strong>, and in<\/p>\n<p><img loading=\"lazy\" decoding=\"async\" class=\"alignnone size-medium wp-image-551\" src=\"http:\/\/scientifiquesfrancais.fr\/wp-content\/uploads\/2021\/09\/ribas12-139x300.jpg\" alt=\"\" width=\"139\" height=\"300\" srcset=\"http:\/\/scientifiquesfrancais.fr\/wp-content\/uploads\/2021\/09\/ribas12-139x300.jpg 139w, http:\/\/scientifiquesfrancais.fr\/wp-content\/uploads\/2021\/09\/ribas12-473x1024.jpg 473w, http:\/\/scientifiquesfrancais.fr\/wp-content\/uploads\/2021\/09\/ribas12.jpg 591w\" sizes=\"auto, (max-width: 139px) 100vw, 139px\" \/><img loading=\"lazy\" decoding=\"async\" class=\"alignnone size-medium wp-image-552\" src=\"http:\/\/scientifiquesfrancais.fr\/wp-content\/uploads\/2021\/09\/ribas13-300x223.jpg\" alt=\"\" width=\"300\" height=\"223\" srcset=\"http:\/\/scientifiquesfrancais.fr\/wp-content\/uploads\/2021\/09\/ribas13-300x223.jpg 300w, http:\/\/scientifiquesfrancais.fr\/wp-content\/uploads\/2021\/09\/ribas13-1024x761.jpg 1024w, http:\/\/scientifiquesfrancais.fr\/wp-content\/uploads\/2021\/09\/ribas13-768x570.jpg 768w, http:\/\/scientifiquesfrancais.fr\/wp-content\/uploads\/2021\/09\/ribas13.jpg 1170w\" sizes=\"auto, (max-width: 300px) 100vw, 300px\" \/><\/p>\n<p><strong>Fig.13 <\/strong>the oxidative phosphorylation with the electron transport chain, and<\/p>\n<p><img loading=\"lazy\" decoding=\"async\" class=\"alignnone size-medium wp-image-553\" src=\"http:\/\/scientifiquesfrancais.fr\/wp-content\/uploads\/2021\/09\/ribas14-300x220.jpg\" alt=\"\" width=\"300\" height=\"220\" srcset=\"http:\/\/scientifiquesfrancais.fr\/wp-content\/uploads\/2021\/09\/ribas14-300x220.jpg 300w, http:\/\/scientifiquesfrancais.fr\/wp-content\/uploads\/2021\/09\/ribas14-1024x750.jpg 1024w, http:\/\/scientifiquesfrancais.fr\/wp-content\/uploads\/2021\/09\/ribas14-768x562.jpg 768w, http:\/\/scientifiquesfrancais.fr\/wp-content\/uploads\/2021\/09\/ribas14.jpg 1162w\" sizes=\"auto, (max-width: 300px) 100vw, 300px\" \/><\/p>\n<p><strong>Fig.14<\/strong> the cycle of free radicals reduction proposed by Krengel and H\u00f6rsefield, to water with transhydrolase and different glutathione-dependent redox enzymes and proteins.<\/p>\n<p><img loading=\"lazy\" decoding=\"async\" class=\"alignnone size-medium wp-image-554\" src=\"http:\/\/scientifiquesfrancais.fr\/wp-content\/uploads\/2021\/09\/ribas15-300x216.jpg\" alt=\"\" width=\"300\" height=\"216\" srcset=\"http:\/\/scientifiquesfrancais.fr\/wp-content\/uploads\/2021\/09\/ribas15-300x216.jpg 300w, http:\/\/scientifiquesfrancais.fr\/wp-content\/uploads\/2021\/09\/ribas15-1024x738.jpg 1024w, http:\/\/scientifiquesfrancais.fr\/wp-content\/uploads\/2021\/09\/ribas15-768x554.jpg 768w, http:\/\/scientifiquesfrancais.fr\/wp-content\/uploads\/2021\/09\/ribas15.jpg 1168w\" sizes=\"auto, (max-width: 300px) 100vw, 300px\" \/><\/p>\n<p><strong>Fig 15. <\/strong>the synthesis of <strong>ATP<\/strong> by ATP-synthase.<\/p>\n<p><strong>In conclusion<\/strong>: Education, teaching and training is the best way to prevent and fight the spread of the COVID-19 pandemic, both in rich and populations with limited resources. Physical activity and balanced diet are necessary and in the case of grave virus pandemic helping with fruit and vegetables and diet supplements in order to maintain the mitochondria as a metabolic turbine preventing infections and contagious. <strong>And also <\/strong>it is important to pay attention and application the guidelines proposed by decision makers, medical, biochemical and government experts on an interregional scale. It is a matter of individual responsibility.<\/p>\n<p>&nbsp;<\/p>\n<p>&nbsp;<\/p>\n","protected":false},"excerpt":{"rendered":"<p>Prof. Bartolome Ribas Ozonas General secretary, Vice President, Royal National Academy of Pharmacy, Spain &nbsp;&#8230;<\/p>\n","protected":false},"author":1,"featured_media":540,"comment_status":"open","ping_status":"open","sticky":false,"template":"","format":"standard","meta":{"footnotes":""},"categories":[4],"tags":[],"class_list":["post-538","post","type-post","status-publish","format-standard","has-post-thumbnail","hentry","category-medecine"],"_links":{"self":[{"href":"http:\/\/scientifiquesfrancais.fr\/index.php?rest_route=\/wp\/v2\/posts\/538","targetHints":{"allow":["GET"]}}],"collection":[{"href":"http:\/\/scientifiquesfrancais.fr\/index.php?rest_route=\/wp\/v2\/posts"}],"about":[{"href":"http:\/\/scientifiquesfrancais.fr\/index.php?rest_route=\/wp\/v2\/types\/post"}],"author":[{"embeddable":true,"href":"http:\/\/scientifiquesfrancais.fr\/index.php?rest_route=\/wp\/v2\/users\/1"}],"replies":[{"embeddable":true,"href":"http:\/\/scientifiquesfrancais.fr\/index.php?rest_route=%2Fwp%2Fv2%2Fcomments&post=538"}],"version-history":[{"count":1,"href":"http:\/\/scientifiquesfrancais.fr\/index.php?rest_route=\/wp\/v2\/posts\/538\/revisions"}],"predecessor-version":[{"id":555,"href":"http:\/\/scientifiquesfrancais.fr\/index.php?rest_route=\/wp\/v2\/posts\/538\/revisions\/555"}],"wp:featuredmedia":[{"embeddable":true,"href":"http:\/\/scientifiquesfrancais.fr\/index.php?rest_route=\/wp\/v2\/media\/540"}],"wp:attachment":[{"href":"http:\/\/scientifiquesfrancais.fr\/index.php?rest_route=%2Fwp%2Fv2%2Fmedia&parent=538"}],"wp:term":[{"taxonomy":"category","embeddable":true,"href":"http:\/\/scientifiquesfrancais.fr\/index.php?rest_route=%2Fwp%2Fv2%2Fcategories&post=538"},{"taxonomy":"post_tag","embeddable":true,"href":"http:\/\/scientifiquesfrancais.fr\/index.php?rest_route=%2Fwp%2Fv2%2Ftags&post=538"}],"curies":[{"name":"wp","href":"https:\/\/api.w.org\/{rel}","templated":true}]}}