{"id":465,"date":"2021-07-08T23:50:49","date_gmt":"2021-07-08T21:50:49","guid":{"rendered":"http:\/\/scientifiquesfrancais.fr\/?p=465"},"modified":"2021-08-10T20:13:19","modified_gmt":"2021-08-10T18:13:19","slug":"histoire-de-larmenie-et-des-armeniens-du-monde","status":"publish","type":"post","link":"http:\/\/scientifiquesfrancais.fr\/?p=465","title":{"rendered":"HISTOIRE DE L\u2019ARMENIE ET DES ARMENIENS DU MONDE"},"content":{"rendered":"<p><img loading=\"lazy\" decoding=\"async\" class=\"alignnone size-medium wp-image-507\" src=\"http:\/\/scientifiquesfrancais.fr\/wp-content\/uploads\/2021\/07\/arman-seref-300x300.jpg\" alt=\"\" width=\"300\" height=\"300\" srcset=\"http:\/\/scientifiquesfrancais.fr\/wp-content\/uploads\/2021\/07\/arman-seref-300x300.jpg 300w, http:\/\/scientifiquesfrancais.fr\/wp-content\/uploads\/2021\/07\/arman-seref-1024x1024.jpg 1024w, http:\/\/scientifiquesfrancais.fr\/wp-content\/uploads\/2021\/07\/arman-seref-150x150.jpg 150w, http:\/\/scientifiquesfrancais.fr\/wp-content\/uploads\/2021\/07\/arman-seref-768x768.jpg 768w, http:\/\/scientifiquesfrancais.fr\/wp-content\/uploads\/2021\/07\/arman-seref.jpg 1365w\" sizes=\"auto, (max-width: 300px) 100vw, 300px\" \/><\/p>\n<p>m. Arman Seref ( Photo)<\/p>\n<p>Par Prof. Ari TOPOUZKHANIAN, PhD<\/p>\n<p><b>Histoire de l\u2019Arm\u00e9nie et des Arm\u00e9niens du monde<\/b><\/p>\n<p><strong>racont\u00e9e au moyen de la philat\u00e9lie et de la numismatique<\/strong><\/p>\n<p>J\u2019ai le privil\u00e8ge de pr\u00e9senter une Encyclop\u00e9die bilingue fran\u00e7ais-anglais, destin\u00e9e \u00e0 faire conna\u00eetre la brillante civilisation arm\u00e9nienne au moyen des photos d\u2019une riche collection de timbres, cartes postales, billets de banque, ch\u00e8ques, actions, vignettes, passeports, etc. Tous ces objets appartiennent \u00e0 \u00a0un collectionneur chevronn\u00e9 et un philat\u00e9liste reconnu, Monsieur Arman SEREF, n\u00e9 \u00e0 Istanbul et \u00e9tabli en France. Il a re\u00e7u plusieurs m\u00e9dailles en participant depuis 1960 \u00e0 de nombreuses expositions philat\u00e9liques internationales, o\u00f9 il a \u00e9t\u00e9 r\u00e9compens\u00e9 \u00e0 plusieurs reprises pour la qualit\u00e9 de sa collection (Izmir en 1973, Sofia en 1975, Madrid en 1973, Paris en 1975). Il a re\u00e7u un Dipl\u00f4me du Minist\u00e8re de la Diaspora de la R\u00e9publique d\u2019Arm\u00e9nie, et tout r\u00e9cemment la M\u00e9daille d\u2019argent d\u00e9cern\u00e9e par La Renaissance Fran\u00e7aise.<\/p>\n<p>La passion pour les objets et documents originaux arm\u00e9niens a fait d\u2019A. SEREF un chercheur \u00e9m\u00e9rite et l\u2019a ramen\u00e9 \u00e0 r\u00e9fl\u00e9chir \u00e0 un projet de\u00a0 publication dont l\u2019objectif serait de partager sa collection et le fruit de ses recherches \u00e0 travers les pages d\u2019un livre. De l\u00e0 est n\u00e9 cet ouvrage qui parut en 2017, rassemblant un grand nombre de documents de diff\u00e9rentes \u00e9poques cit\u00e9s plus haut, accompagn\u00e9s de textes et d\u2019explications de l\u2019auteur. Les documents et les objets pr\u00e9sent\u00e9s sont class\u00e9s chronologiquement. Chaque repr\u00e9sentation accompagn\u00e9e d\u2019un symbole en forme d\u2019aigle vert certifie l\u2019appartenance \u00e0 la collection de l\u2019auteur. La photo de chaque objet est accompagn\u00e9e d\u2019une note explicative, et \u00e0 la fin de l\u2019ouvrage on trouve un index des personnalit\u00e9s et des institutions arm\u00e9niennes qui ont \u00e9t\u00e9 mentionn\u00e9es.<\/p>\n<p>L\u2019histoire relat\u00e9e commence \u00e9videmment au Mont Ararat, symbole de l\u2019Arm\u00e9nie, o\u00f9 a \u00e9chou\u00e9 l\u2019arche de No\u00e9, et se termine par l\u2019\u00e9vocation d\u2019artistes renomm\u00e9s de la photographie, du cin\u00e9ma et de la chanson, comme <strong>Ara G\u00fcler<\/strong>, <strong>Yousuf Karsh<\/strong>, <strong>Sergue\u00ef Paradjanov<\/strong>, <strong>Gregory Peck<\/strong> et <strong>Cherilyn Sarkisian La Pierre<\/strong>.<\/p>\n<p>La religion primitive des Arm\u00e9niens est repr\u00e9sent\u00e9e par la t\u00eate en bronze de la d\u00e9esse Anahit conserv\u00e9e au British Museum, et l\u2019histoire pr\u00e9chr\u00e9tienne par le conqu\u00e9rant Tigrane II le Grand, dont l\u2019empire s\u2019\u00e9tendait jusqu\u2019\u00e0 J\u00e9rusalem.<\/p>\n<p>Apr\u00e8s l\u2019adoption par l\u2019Arm\u00e9nie du christianisme comme religion d\u2019Etat en l\u2019an 301, gr\u00e2ce au t\u00e9moignage de <strong>Saint Gr\u00e9goire l\u2019Illuminateur<\/strong>, on arrive quelques si\u00e8cles plus tard au royaume des Bagratides, dont les ruines de la capitale Ani constituent un site touristique tr\u00e8s recherch\u00e9 en Turquie orientale, tout comme le si\u00e8ge d\u2019un Catholicossat \u00e9ph\u00e9m\u00e8re \u00e0 l\u2019\u00eele d\u2019Aghtamar, situ\u00e9 dans le lac Van.<\/p>\n<p>L\u2019invention de l\u2019alphabet arm\u00e9nien en l\u2019an 406 par <strong>Saint Mesrob<\/strong> a \u00e9t\u00e9 le point de d\u00e9part de la litt\u00e9rature arm\u00e9nienne, dont les manuscrits anciens sont expos\u00e9s \u00e0 la biblioth\u00e8que Matenadaran d\u2019Er\u00e9van.<\/p>\n<p>Le premier ouvrage \u00e9crit avec cet alphabet original a \u00e9t\u00e9 la Bible traduite d\u2019apr\u00e8s les manuscrits syriaque et grec, ce qui a consolid\u00e9 la foi chr\u00e9tienne des Arm\u00e9niens au point o\u00f9 ils ont pris les armes pour s\u2019opposer aux Perses qui voulaient les convertir au mazd\u00e9isme et \u00e0 l\u2019adoration du feu. Ce fut la bataille d\u2019Avarayr, sous le commandement du h\u00e9ros <strong>Vardan Mamikonian<\/strong>.<\/p>\n<p>Quelques si\u00e8cles plus tard l\u2019Arm\u00e9nie a \u00e9t\u00e9 envahie par les Arabes, et le h\u00e9ros de la r\u00e9sistance fut le l\u00e9gendaire <strong>David de Sassoun<\/strong>. Vers la fin du 11<sup>e<\/sup> si\u00e8cle un petit royaume arm\u00e9nien fut fond\u00e9 en Cilicie, et dura 3 si\u00e8cles, de 1080 \u00e0 1375, date de la chute de sa capitale, Sis, tomb\u00e9e aux mains des Mamelouks. Son dernier roi, <strong>L\u00e9on VI<\/strong>, fut inhum\u00e9 au couvent des C\u00e9lestins \u00e0 Paris, et son gisant se trouve \u00e0 la basilique de Saint Denis.<\/p>\n<p>Les commer\u00e7ants arm\u00e9niens du Moyen \u00c2ge s\u2019\u00e9taient \u00e9tablis \u00e0 Venise, et c\u2019est l\u00e0 que fut imprim\u00e9 par <strong>Hagop Meghabard<\/strong> en 1512 le premier livre arm\u00e9nien, \u00e0 peine 57 ans apr\u00e8s l\u2019invention de l\u2019imprimerie par Gutenberg. Deux si\u00e8cles plus tard une congr\u00e9gation religieuse s\u2019installa dans l\u2019\u00eele voisine de Saint Lazare, sous la houlette du moine <strong>Mekhitar<\/strong>. C\u2019est dans cette \u00ab\u00a0Petite Arm\u00e9nie\u00a0\u00bb que le c\u00e9l\u00e8bre po\u00e8te anglais <strong>Lord<\/strong> <strong>Byron<\/strong> est venu apprendre l\u2019arm\u00e9nien.<\/p>\n<p>Le G\u00e9nocide des Arm\u00e9niens d\u00e9buta le 24 avril 1915, par l\u2019arrestation \u00e0 Istanbul puis la d\u00e9portation de 600 intellectuels dont le R.P. <strong>Komitas<\/strong>. Sa vie a \u00e9t\u00e9 sauv\u00e9e gr\u00e2ce \u00e0 l\u2019intervention d\u2019ambassadeurs occidentaux, mais il a perdu la raison et a \u00e9t\u00e9 soign\u00e9 dans un \u00e9tablissement psychiatrique parisien jusqu\u2019\u00e0 sa mort. Devant sa statue, place du Canada \u00e0 Paris, se recueillent les Arm\u00e9niens tous les 24 avril. Les autres intellectuels, comme les \u00e9crivains <strong>Siamanto<\/strong>, <strong>Daniel Varoujan<\/strong>, <strong>Rouben Sevag<\/strong>, ont pratiquement \u00e9t\u00e9 tous assassin\u00e9s dans leur lieu de d\u00e9portation.<\/p>\n<p>Il existait bien des partis politiques arm\u00e9niens depuis 30 ans, mais ils n\u2019ont pas pu emp\u00eacher le d\u00e9sastre, les hommes politiques fran\u00e7ais arm\u00e9nophiles non plus, comme Georges Cl\u00e9menceau et Jean Jaur\u00e8s.<\/p>\n<p>Il y eut cependant quelques poches de r\u00e9sistance et des actes de bravoure, notamment \u00e0 <em>Moussa Dagh<\/em>, montagne o\u00f9 se sont r\u00e9fugi\u00e9s des Arm\u00e9niens, ont r\u00e9sist\u00e9 h\u00e9ro\u00efquement \u00e0 l\u2019arm\u00e9e turque, et lorsqu\u2019ils n\u2019avaient plus de munitions, ils ont demand\u00e9 l\u2019aide de la flotte fran\u00e7aise qui faisait le blocus de la c\u00f4te syrienne. C\u2019est l\u2019amiral Dartige du Fournet qui les sauva et les transporta \u00e0 Port-Sa\u00efd, en Egypte. C\u2019est l\u2019\u00e9crivain autrichien Franz Werfel qui immortalisa cette \u00e9pop\u00e9e par son roman \u00a0<em>Les Quarante jours de Musa Dagh<\/em>\u00a0.<\/p>\n<p>Divers timbres ont comm\u00e9mor\u00e9 le G\u00e9nocide de 1,5 million d\u2019Arm\u00e9niens. Ce crime contre l\u2019humanit\u00e9 a \u00e9t\u00e9 d\u00e9nonc\u00e9 par d\u2019\u00e9minentes personnalit\u00e9s \u00e9trang\u00e8res comme le vicomte anglais <strong>James Bryce<\/strong>, l\u2019explorateur et diplomate norv\u00e9gien <strong>Fridtjof Nansen<\/strong>, qui cr\u00e9a le <em>passeport Nansen<\/em>pour les r\u00e9fugi\u00e9s arm\u00e9niens, l\u2019ambassadeur des Etats-Unis <strong>Henry Morgenthau<\/strong>, et le pasteur allemand <strong>Johannes Lepsius<\/strong>. Des soci\u00e9t\u00e9s missionnaires allemandes, am\u00e9ricaines et fran\u00e7aises ont recueilli les orphelins.<\/p>\n<p>Vers la fin de la 1<sup>\u00e8re<\/sup> Guerre mondiale, les troupes turques tent\u00e8rent d\u2019an\u00e9antir les Arm\u00e9niens encore en vie sur un tout petit bout de territoire qui restait de l\u2019Arm\u00e9nie historique. Mais toute la population s\u2019est lev\u00e9e comme un seul homme pour l\u2019ultime bataille, sous le commandement d\u2019officiers arm\u00e9niens de l\u2019arm\u00e9e russe. Les envahisseurs ont \u00e9t\u00e9 battus notamment \u00e0 <em>Sardarabad<\/em>, et le 28 mai 1918, il y a 103 ans, a \u00e9t\u00e9 proclam\u00e9e la naissance de la 1<sup>\u00e8re<\/sup> R\u00e9publique d\u2019Arm\u00e9nie. Apr\u00e8s 5 si\u00e8cles d\u2019inexistence de l\u2019\u00c9tat arm\u00e9nien, celui qui reprenait vie a \u00e9mis aussit\u00f4t des passeports, et bien s\u00fbr des timbres, pr\u00e9par\u00e9s \u00e0 l\u2019imprimerie de Chassepot \u00e0 Paris, ainsi que des billets de banque figurant dans la collection d\u2019A. SEREF.<\/p>\n<p>Le 29 novembre 1920 est n\u00e9e la 2<sup>\u00e8me<\/sup> R\u00e9publique d\u2019Arm\u00e9nie par la sovi\u00e9tisation de la premi\u00e8re. De nouveaux timbres ont \u00e9t\u00e9 mis en circulation, ainsi que de nouveaux billets de banque, et m\u00eame des tickets de loterie. Apr\u00e8s l\u2019implosion de l\u2019U.R.S.S., chacune des 15 r\u00e9publiques qui la composaient a d\u00e9clar\u00e9 son ind\u00e9pendance. Il en fut de m\u00eame des Arm\u00e9niens, qui f\u00eateront le 21 septembre 2021 le 30<sup>\u00e8me<\/sup> anniversaire de leur 3<sup>\u00e8me<\/sup>R\u00e9publique. Elle a \u00e9t\u00e9 reconnue de la communaut\u00e9 internationale et a son si\u00e8ge \u00e0 l\u2019ONU.<\/p>\n<p>Tous ces \u00e9v\u00e9nements historiques ont \u00e9t\u00e9 relat\u00e9s par photos interpos\u00e9es dans ce volumineux ouvrage de r\u00e9f\u00e9rence, sans oublier les Arm\u00e9niens c\u00e9l\u00e8bres qui ont laiss\u00e9 leur empreinte dans l\u2019histoire universelle et non pas seulement arm\u00e9nienne. Sont cit\u00e9s notamment\u00a0:<\/p>\n<ul>\n<li>des peintres comme <strong>Ivan A\u00efvazovski<\/strong>, <strong>Jean Carzou<\/strong> et <strong>Martiros Sarian<\/strong>;<\/li>\n<li>des scientifiques comme le chimiste <strong>Ignacy Lukasiewicz<\/strong> et l\u2019astronome <strong>Viktor Hampartsumian<\/strong>, ex-Pr\u00e9sident de l\u2019Union astronomique internationale\u00a0;<\/li>\n<li>des inventeurs comme <strong>Hovhannes Adamian<\/strong> qui cr\u00e9a le premier t\u00e9l\u00e9viseur en couleurs, et <strong>Artem Mikoyan<\/strong>, concepteur des fameux avions de combat MIG\u00a0;<\/li>\n<li>des g\u00e9n\u00e9raux comme <strong>Andranik Ozanian<\/strong> et <strong>Alexandre Souvorov<\/strong>;<\/li>\n<li>des \u00e9crivains comme <strong>William Saroyan<\/strong>;<\/li>\n<li>des musiciens comme le c\u00e9l\u00e8bre <strong>Aram Khatchatourian<\/strong>;<\/li>\n<li>et enfin, bien s\u00fbr, des hommes d\u2019affaires exceptionnels tels que\u00a0:\n<ul>\n<li>la dynastie des<strong> Ipranossian<\/strong>, c\u00e9l\u00e8bres industriels et commer\u00e7ants de l\u2019Empire ottoman poss\u00e9dant une compagnie de bateaux \u00e0 vapeur\u00a0;<\/li>\n<li><strong>Alexandre Mantashov<\/strong>, magnat du p\u00e9trole, une des personnes les plus riches du monde au d\u00e9but du 20<sup>e<\/sup> si\u00e8cle\u00a0;<\/li>\n<li><strong>Calouste Gulbenkian<\/strong>, appel\u00e9 \u00ab\u00a0Monsieur 5%\u00a0\u00bb, cr\u00e9ateur \u00e0 Lisbonne de la fameuse Fondation qui porte son nom\u00a0;<\/li>\n<li>et plus pr\u00e8s de nous, <strong>Napol\u00e9on Bullukian<\/strong>, m\u00e9c\u00e8ne lyonnais bien connu, \u00e0 l\u2019origine de la Fondation qui porte son nom et celui de son \u00e9pouse.<\/li>\n<\/ul>\n<\/li>\n<\/ul>\n<p>Cette encyclop\u00e9die monumentale peut \u00eatre command\u00e9e \u00e0 l\u2019association culturelle <em>Les Amis de Vahan Tekeyan<\/em>, 96 rue de la Pag\u00e8re, 69500 Bron (France). Courriel : <a href=\"mailto:arman.seref@orange.fr\">arman.seref@orange.fr<\/a> . T\u00e9l. +33 6 07 45 25 74.<\/p>\n<p>&nbsp;<\/p>\n<p>&nbsp;<\/p>\n","protected":false},"excerpt":{"rendered":"<p>m. Arman Seref ( Photo) Par Prof. Ari TOPOUZKHANIAN, PhD Histoire de l\u2019Arm\u00e9nie et des&#8230;<\/p>\n","protected":false},"author":1,"featured_media":469,"comment_status":"open","ping_status":"open","sticky":false,"template":"","format":"standard","meta":{"footnotes":""},"categories":[17],"tags":[],"class_list":["post-465","post","type-post","status-publish","format-standard","has-post-thumbnail","hentry","category-histoire"],"_links":{"self":[{"href":"http:\/\/scientifiquesfrancais.fr\/index.php?rest_route=\/wp\/v2\/posts\/465","targetHints":{"allow":["GET"]}}],"collection":[{"href":"http:\/\/scientifiquesfrancais.fr\/index.php?rest_route=\/wp\/v2\/posts"}],"about":[{"href":"http:\/\/scientifiquesfrancais.fr\/index.php?rest_route=\/wp\/v2\/types\/post"}],"author":[{"embeddable":true,"href":"http:\/\/scientifiquesfrancais.fr\/index.php?rest_route=\/wp\/v2\/users\/1"}],"replies":[{"embeddable":true,"href":"http:\/\/scientifiquesfrancais.fr\/index.php?rest_route=%2Fwp%2Fv2%2Fcomments&post=465"}],"version-history":[{"count":6,"href":"http:\/\/scientifiquesfrancais.fr\/index.php?rest_route=\/wp\/v2\/posts\/465\/revisions"}],"predecessor-version":[{"id":536,"href":"http:\/\/scientifiquesfrancais.fr\/index.php?rest_route=\/wp\/v2\/posts\/465\/revisions\/536"}],"wp:featuredmedia":[{"embeddable":true,"href":"http:\/\/scientifiquesfrancais.fr\/index.php?rest_route=\/wp\/v2\/media\/469"}],"wp:attachment":[{"href":"http:\/\/scientifiquesfrancais.fr\/index.php?rest_route=%2Fwp%2Fv2%2Fmedia&parent=465"}],"wp:term":[{"taxonomy":"category","embeddable":true,"href":"http:\/\/scientifiquesfrancais.fr\/index.php?rest_route=%2Fwp%2Fv2%2Fcategories&post=465"},{"taxonomy":"post_tag","embeddable":true,"href":"http:\/\/scientifiquesfrancais.fr\/index.php?rest_route=%2Fwp%2Fv2%2Ftags&post=465"}],"curies":[{"name":"wp","href":"https:\/\/api.w.org\/{rel}","templated":true}]}}