{"id":1872,"date":"2025-05-26T00:38:49","date_gmt":"2025-05-25T22:38:49","guid":{"rendered":"http:\/\/scientifiquesfrancais.fr\/?p=1872"},"modified":"2025-05-26T00:41:06","modified_gmt":"2025-05-25T22:41:06","slug":"variante-beta-sars-cov-2-b-1-351","status":"publish","type":"post","link":"http:\/\/scientifiquesfrancais.fr\/?p=1872","title":{"rendered":"Variante b\u00eata &#8211; SARS-CoV-2 ( B.1.351)"},"content":{"rendered":"<p><img loading=\"lazy\" decoding=\"async\" class=\"alignnone size-medium wp-image-1873\" src=\"http:\/\/scientifiquesfrancais.fr\/wp-content\/uploads\/2025\/05\/beta-300x225.webp\" alt=\"\" width=\"300\" height=\"225\" srcset=\"http:\/\/scientifiquesfrancais.fr\/wp-content\/uploads\/2025\/05\/beta-300x225.webp 300w, http:\/\/scientifiquesfrancais.fr\/wp-content\/uploads\/2025\/05\/beta-1024x768.webp 1024w, http:\/\/scientifiquesfrancais.fr\/wp-content\/uploads\/2025\/05\/beta-768x576.webp 768w, http:\/\/scientifiquesfrancais.fr\/wp-content\/uploads\/2025\/05\/beta.webp 1200w\" sizes=\"auto, (max-width: 300px) 100vw, 300px\" \/><\/p>\n<p>(Page de couverture avec photo)<\/p>\n<p>Ces derni\u00e8res ann\u00e9es, le monde a \u00e9t\u00e9 frapp\u00e9 par la pand\u00e9mie de COVID-19 caus\u00e9e par le virus SARS-CoV-2. L&rsquo;une des variantes les plus discut\u00e9es de ce virus est la variante b\u00eata, qui a attir\u00e9 l&rsquo;attention des scientifiques et du grand public. Voyons ce qu&rsquo;est la variante b\u00eata et quelles informations sont importantes pour comprendre son impact sur la sant\u00e9 publique.<\/p>\n<p>Le variant b\u00eata du SARS-CoV-2, \u00e9galement connu sous le nom de B.1.351, a \u00e9t\u00e9 identifi\u00e9 pour la premi\u00e8re fois en Afrique du Sud en mai 2020. Cette variante du virus pr\u00e9sente plusieurs mutations dans le g\u00e8ne de la prot\u00e9ine Spike, ce qui lui permet de mieux se lier aux r\u00e9cepteurs des cellules humaines et, \u00e9ventuellement, de contourner certaines r\u00e9ponses immunitaires induites par des infections ant\u00e9rieures ou la vaccination. Je pense que la compr\u00e9hension des caract\u00e9ristiques de la variante b\u00eata et de son impact sur la sant\u00e9 humaine est essentielle pour \u00e9laborer des strat\u00e9gies efficaces de lutte contre la pand\u00e9mie.<\/p>\n<p>Revenons aux recherches men\u00e9es en Afrique du Sud, o\u00f9 le variant b\u00eata est devenu dominant. Une \u00e9tude a montr\u00e9 que ce variant pouvait provoquer des formes plus graves de la maladie que les souches pr\u00e9c\u00e9dentes. Par exemple, l&rsquo;analyse des donn\u00e9es sur les hospitalisations a r\u00e9v\u00e9l\u00e9 que les patients atteints du variant b\u00eata avaient plus souvent besoin de soins intensifs. Cela souligne l&rsquo;importance de surveiller les nouveaux variants du virus et leur impact sur les r\u00e9sultats cliniques.<\/p>\n<p>La conclusion de cet \u00e9pisode est que le variant b\u00eata du SARS-CoV-2 repr\u00e9sente une menace s\u00e9rieuse pour la sant\u00e9 publique, car il peut provoquer des formes plus graves de la maladie et r\u00e9duire l&rsquo;efficacit\u00e9 de certains vaccins. Cela confirme mon hypoth\u00e8se selon laquelle il est n\u00e9cessaire d&rsquo;accorder une attention particuli\u00e8re aux nouveaux variants du virus et d&rsquo;adapter les strat\u00e9gies de vaccination et de traitement en fonction de leurs caract\u00e9ristiques.<\/p>\n<p>En conclusion, le variant b\u00eata du SARS-CoV-2 est un sujet d&rsquo;\u00e9tude important dans le contexte de la pand\u00e9mie de COVID-19. Ses mutations peuvent influencer la pathog\u00e9nicit\u00e9 du virus et l&rsquo;efficacit\u00e9 des vaccins, ce qui souligne la n\u00e9cessit\u00e9 d&rsquo;une surveillance constante et d&rsquo;une adaptation des strat\u00e9gies m\u00e9dicales. Je pense que ce n&rsquo;est que gr\u00e2ce aux efforts conjoints des scientifiques, des m\u00e9decins et de la soci\u00e9t\u00e9 que nous pourrons lutter efficacement contre les menaces li\u00e9es aux nouveaux variants du virus.<\/p>\n","protected":false},"excerpt":{"rendered":"<p>(Page de couverture avec photo) Ces derni\u00e8res ann\u00e9es, le monde a \u00e9t\u00e9 frapp\u00e9 par la&#8230;<\/p>\n","protected":false},"author":1,"featured_media":1873,"comment_status":"open","ping_status":"open","sticky":false,"template":"","format":"standard","meta":{"footnotes":""},"categories":[4],"tags":[],"class_list":["post-1872","post","type-post","status-publish","format-standard","has-post-thumbnail","hentry","category-medecine"],"_links":{"self":[{"href":"http:\/\/scientifiquesfrancais.fr\/index.php?rest_route=\/wp\/v2\/posts\/1872","targetHints":{"allow":["GET"]}}],"collection":[{"href":"http:\/\/scientifiquesfrancais.fr\/index.php?rest_route=\/wp\/v2\/posts"}],"about":[{"href":"http:\/\/scientifiquesfrancais.fr\/index.php?rest_route=\/wp\/v2\/types\/post"}],"author":[{"embeddable":true,"href":"http:\/\/scientifiquesfrancais.fr\/index.php?rest_route=\/wp\/v2\/users\/1"}],"replies":[{"embeddable":true,"href":"http:\/\/scientifiquesfrancais.fr\/index.php?rest_route=%2Fwp%2Fv2%2Fcomments&post=1872"}],"version-history":[{"count":2,"href":"http:\/\/scientifiquesfrancais.fr\/index.php?rest_route=\/wp\/v2\/posts\/1872\/revisions"}],"predecessor-version":[{"id":1876,"href":"http:\/\/scientifiquesfrancais.fr\/index.php?rest_route=\/wp\/v2\/posts\/1872\/revisions\/1876"}],"wp:featuredmedia":[{"embeddable":true,"href":"http:\/\/scientifiquesfrancais.fr\/index.php?rest_route=\/wp\/v2\/media\/1873"}],"wp:attachment":[{"href":"http:\/\/scientifiquesfrancais.fr\/index.php?rest_route=%2Fwp%2Fv2%2Fmedia&parent=1872"}],"wp:term":[{"taxonomy":"category","embeddable":true,"href":"http:\/\/scientifiquesfrancais.fr\/index.php?rest_route=%2Fwp%2Fv2%2Fcategories&post=1872"},{"taxonomy":"post_tag","embeddable":true,"href":"http:\/\/scientifiquesfrancais.fr\/index.php?rest_route=%2Fwp%2Fv2%2Ftags&post=1872"}],"curies":[{"name":"wp","href":"https:\/\/api.w.org\/{rel}","templated":true}]}}