{"id":1836,"date":"2025-05-23T10:15:07","date_gmt":"2025-05-23T08:15:07","guid":{"rendered":"http:\/\/scientifiquesfrancais.fr\/?p=1836"},"modified":"2025-05-23T10:17:34","modified_gmt":"2025-05-23T08:17:34","slug":"le-cerveau-et-sa-capacite-a-developper-la-resilience-pour-reussir","status":"publish","type":"post","link":"http:\/\/scientifiquesfrancais.fr\/?p=1836","title":{"rendered":"LE CERVEAU ET SA CAPACITE A DEVELOPPER  LA R\u00c9SILIENCE POUR R\u00c9USSIR"},"content":{"rendered":"<p><img loading=\"lazy\" decoding=\"async\" class=\"alignnone size-full wp-image-1635\" src=\"http:\/\/scientifiquesfrancais.fr\/wp-content\/uploads\/2024\/12\/COFFY.jpg\" alt=\"\" width=\"258\" height=\"284\" \/><\/p>\n<p style=\"font-weight: 400;\">Dr COFFY\u00a0 Lucien<\/p>\n<p style=\"font-weight: 400;\">Apr\u00e8s 50 ans la taille du cerveau diminue. On a de moins en moins de \u00a0\u00a0\u00a0\u00a0neurones neufs \u00a0et la mati\u00e8re grise se fait de plus en plus rare. La taille du cerveau diminue et tous les 10 ans le cerveau \u00a0perd 2 \u00e0 5% de son poids, le cerveau vieillit de plus en plus vite. Dans la vie de tous les jours on sent que le cerveau ne fonctionne plus comme avant.<\/p>\n<p style=\"font-weight: 400;\">La fonction principale du cerveau est de contr\u00f4ler les actions de l\u2019organisme \u00e0 \u00a0\u00a0\u00a0partir des informations sensorielles qui lui parviennent.<\/p>\n<p style=\"font-weight: 400;\">\u00c0 partir de de 50 ans, c\u2019est normal\u00a0; les synapses qui permettent aux neurones sont moins dynamiques. L\u2019\u00e9quilibre neurochimique \u00e0 l\u2019int\u00e9rieur du cerveau aussi n\u2019est plus optimal. Il y a un neurotransmetteur tr\u00e8s important, <strong><em>l\u2019ac\u00e9tylcholine<\/em><\/strong> qui fonctionne au ralenti.<\/p>\n<p style=\"font-weight: 400;\">Quand on commence \u00e0 avoir de petits oublis c\u2019est le signe que <em>l\u2019<strong>ac\u00e9tylcholine<\/strong><\/em> et les autres neurotransmetteurs comme la <strong><em>dopamine<\/em><\/strong> et la <strong><em>s\u00e9rotonine<\/em><\/strong> remplissent moins bien leur r\u00f4le. Entre les neurones l\u2019information circule moins bien.<\/p>\n<p style=\"font-weight: 400;\"><u>Que se passerait-il si on pouvait restaurer un bon \u00e9quilibre dans le cerveau\u00a0? Et si on pouvait lui redonner la vitesse et l\u2019aisance\u00a0 qu\u2019il avait quand on avait 30 ou 40 ans\u00a0? Juste en renfor\u00e7ant la connexion entre les neurones, avec des substances pr\u00e9sentes biologiquement dans le corps ou dans la nature\u00a0?<\/u><\/p>\n<p style=\"font-weight: 400;\">Un petit groupe d\u2019expert a men\u00e9 des recherches pour savoir comment on\u00a0 pourrait retrouver le bon \u00e9quilibre neurochimique dans le cerveau et avoir une m\u00e9moire comme ces hommes et ces femmes. Ils ont \u00e9pluch\u00e9 \u00a0toutes les \u00e9tudes scientifiques sur le sujet, pass\u00e9 des heures et des heures \u00e0 analyser les derni\u00e8res recherches et ils ont fini par trouver quelque chose. Ils ont d\u00e9couvert \u00a0<strong><em>COMMENT AM\u00c9LIORER L\u2019\u00c9QUILIBRE MENTAL ET LE BIEN-\u00caTRE EN GENERAL GRACE A LA NEUROPLASTICITE DU CERVEAU.<\/em><\/strong><\/p>\n<p style=\"font-weight: 400;\"><strong><em> <img loading=\"lazy\" decoding=\"async\" class=\"alignnone wp-image-1837\" src=\"http:\/\/scientifiquesfrancais.fr\/wp-content\/uploads\/2025\/05\/Cofee1-300x182.jpg\" alt=\"\" width=\"569\" height=\"345\" srcset=\"http:\/\/scientifiquesfrancais.fr\/wp-content\/uploads\/2025\/05\/Cofee1-300x182.jpg 300w, http:\/\/scientifiquesfrancais.fr\/wp-content\/uploads\/2025\/05\/Cofee1-768x467.jpg 768w, http:\/\/scientifiquesfrancais.fr\/wp-content\/uploads\/2025\/05\/Cofee1.jpg 800w\" sizes=\"auto, (max-width: 569px) 100vw, 569px\" \/><\/em><\/strong><\/p>\n<p style=\"font-weight: 400;\"><strong>Quelle est donc cette neuroplasticit\u00e9 et son m\u00e9canisme \u00a0\u00e0 l\u2019int\u00e9rieur du\u00a0\u00a0 cerveau\u00a0?<\/strong><\/p>\n<p style=\"font-weight: 400;\">La neuroplasticit\u00e9 est la capacit\u00e9 du cerveau \u00e0 se r\u00e9organiser en formant de nouvelles connexions neuronales tout au long de la vie.<\/p>\n<p style=\"font-weight: 400;\">Imaginez que vous marchez dans une for\u00eat et que vous empruntez le m\u00eame chemin chaque jour. Avec le temps ce chemin\u00a0 devient plus familier et plus facile \u00e0 suivre, de m\u00eame lorsque nous r\u00e9p\u00e9tons certaines pens\u00e9es ou comportements, ou cr\u00e9ons\u00a0 des chemins bien d\u00e9finis dans notre cerveau.<\/p>\n<p style=\"font-weight: 400;\">Notre cerveau est compos\u00e9 de milliards de neurones qui sont les cellules responsables de traitement de transmission des informations. Ces neurones ou cellules nerveuses communiquent\u00a0 les uns avec les autres \u00e0 travers des connexions appel\u00e9es <strong><em>synapses<\/em><\/strong>. Lorsque nous apprenons quelque chose de nouveau, nous vivons une exp\u00e9rience et nos neurones forment de nouvelles connexions ou renforcent celles existantes. Ce processus s\u2019appelle\u00a0: <strong><em>la plasticit\u00e9<\/em><\/strong> <strong><em>synaptique<\/em><\/strong>.<\/p>\n<p style=\"font-weight: 400;\">Plus nous r\u00e9p\u00e9tons une action ou une pens\u00e9e plus nos voies neuronales deviennent fortes. C\u2019est comme cr\u00e9er un chemin bien familier \u00a0dans votre cerveau. Plusieurs r\u00e9gions\u00a0 du cerveau sont impliqu\u00e9es dans la neuroplasticit\u00e9. Il\u00a0 s\u2019agit de\u00a0:<\/p>\n<p style=\"font-weight: 400;\"><strong>L\u2019hippocampe <\/strong><\/p>\n<p style=\"font-weight: 400;\">Cette glande est importante pour la formation de la m\u00e9moire et l\u2019orientation temporo-spatiale<\/p>\n<p style=\"font-weight: 400;\"><strong>L\u2019amygdale<\/strong><\/p>\n<p style=\"font-weight: 400;\">Elle est impliqu\u00e9e dans le traitement des \u00e9motions.<\/p>\n<p style=\"font-weight: 400;\"><strong>\u00a0\u00a0 Le cortex-pr\u00e9frontal<\/strong><\/p>\n<p style=\"font-weight: 400;\"><strong>\u00a0 <\/strong>\u00a0Il intervient dans l\u2019\u00e9laboration de la pens\u00e9e de haut niveau et dans \u00a0la prise de d\u00e9cision<\/p>\n<p style=\"font-weight: 400;\">Ainsi la neuroplasticit\u00e9 donne le pouvoir d\u2019influencer la structure du cerveau\u00a0 pour fonctionner au travers de nos exp\u00e9riences\u00a0 et comportements. Elle nous apprend que le cerveau est un organe dynamique capable de changement. Elle nous permet de\u00a0 renforcer notre esprit.<\/p>\n<p style=\"font-weight: 400;\"><img loading=\"lazy\" decoding=\"async\" class=\"alignnone wp-image-1838\" src=\"http:\/\/scientifiquesfrancais.fr\/wp-content\/uploads\/2025\/05\/Cofee2-297x300.jpg\" alt=\"\" width=\"489\" height=\"494\" srcset=\"http:\/\/scientifiquesfrancais.fr\/wp-content\/uploads\/2025\/05\/Cofee2-297x300.jpg 297w, http:\/\/scientifiquesfrancais.fr\/wp-content\/uploads\/2025\/05\/Cofee2.jpg 378w\" sizes=\"auto, (max-width: 489px) 100vw, 489px\" \/><\/p>\n<p style=\"font-weight: 400;\">Il existe deux types de neuroplasticit\u00e9<\/p>\n<ol>\n<li><strong>La plasticit\u00e9 structurale<\/strong> implique la structure physique du cerveau comme la croissance de nouveaux neurones ou la formation de nouvelles synapses.<\/li>\n<li><strong>La plasticit\u00e9 fonctionnelle\u00a0<\/strong> fait r\u00e9f\u00e9rence \u00e0 la capacit\u00e9 du cerveau \u00e0 d\u00e9placer les fonctions d\u2019une zone endommag\u00e9e \u00e0 d\u2019autres zones non-endommag\u00e9es.<\/li>\n<\/ol>\n<p style=\"font-weight: 400;\"><em><u>La pens\u00e9e n\u00e9gative et les comportements renforcent \u00e9galement certains chemins dans le\u00a0 cerveau.<\/u><\/em><\/p>\n<p style=\"font-weight: 400;\">Cependant lorsqu\u2019on commence \u00e0 remplacer les habitudes n\u00e9gatives par les habitudes positives les nouveaux chemins commencent \u00e0 prendre le relais aidant le cerveau \u00e0 devenir plus mentalement\u00a0 fort et plus adaptable.<\/p>\n<p style=\"font-weight: 400;\">Ces zones travaillent ensemble pour traiter de nouvelles informations, former de nouveaux souvenirs \u00a0et s\u2019adapter \u00e0 des environnements toujours changeants.<\/p>\n<p style=\"font-weight: 400;\"><strong>Quels sont les impacts de la neuroplasticit\u00e9\u00a0sur le cerveau?<\/strong><\/p>\n<ol>\n<li>L\u2019adaptabilit\u00e9<\/li>\n<li>La m\u00e9moire<\/li>\n<\/ol>\n<ul>\n<li>Surmonter\u00a0 les sch\u00e9mas n\u00e9gatifs<\/li>\n<\/ul>\n<ol>\n<li>R\u00e9cup\u00e9ration et gu\u00e9rison.<\/li>\n<\/ol>\n<p style=\"font-weight: 400;\"><img loading=\"lazy\" decoding=\"async\" class=\"alignnone wp-image-1839\" src=\"http:\/\/scientifiquesfrancais.fr\/wp-content\/uploads\/2025\/05\/Cofee3-279x300.jpg\" alt=\"\" width=\"442\" height=\"475\" srcset=\"http:\/\/scientifiquesfrancais.fr\/wp-content\/uploads\/2025\/05\/Cofee3-279x300.jpg 279w, http:\/\/scientifiquesfrancais.fr\/wp-content\/uploads\/2025\/05\/Cofee3.jpg 582w\" sizes=\"auto, (max-width: 442px) 100vw, 442px\" \/><\/p>\n<p style=\"font-weight: 400;\">Comment faciliter ce processus?<\/p>\n<ol>\n<li>Environnementriche et stimulant<\/li>\n<li>Sommeilde qualit\u00e9<\/li>\n<li>Nutrition \u00e9quilibr\u00e9e<\/li>\n<li>Exercices r\u00e9guliers<\/li>\n<li>Apprentissage de nouvelles comp\u00e9tences<\/li>\n<li>Pratique quotidienne de nouvelles activit\u00e9s qui stimulent la formation de nouvelles<\/li>\n<li>M\u00e9tacognition et la pleine conscience<\/li>\n<\/ol>\n<p style=\"font-weight: 400;\"><strong><em>En conclusion<\/em><\/strong>, ces outils \u00a0puissants \u00a0\u00a0am\u00e9liorent la neuroplasticit\u00e9 et d\u00e9veloppent \u00a0la force mentale. Cela implique de \u00a0prendre conscience de nos processus de pens\u00e9e et apprendre \u00e0 les r\u00e9guler\u00a0 efficacement.<\/p>\n<p>&nbsp;<\/p>\n<p style=\"font-weight: 400;\">\n","protected":false},"excerpt":{"rendered":"<p>Dr COFFY\u00a0 Lucien Apr\u00e8s 50 ans la taille du cerveau diminue. On a de moins&#8230;<\/p>\n","protected":false},"author":1,"featured_media":1841,"comment_status":"open","ping_status":"open","sticky":false,"template":"","format":"standard","meta":{"footnotes":""},"categories":[4],"tags":[],"class_list":["post-1836","post","type-post","status-publish","format-standard","has-post-thumbnail","hentry","category-medecine"],"_links":{"self":[{"href":"http:\/\/scientifiquesfrancais.fr\/index.php?rest_route=\/wp\/v2\/posts\/1836","targetHints":{"allow":["GET"]}}],"collection":[{"href":"http:\/\/scientifiquesfrancais.fr\/index.php?rest_route=\/wp\/v2\/posts"}],"about":[{"href":"http:\/\/scientifiquesfrancais.fr\/index.php?rest_route=\/wp\/v2\/types\/post"}],"author":[{"embeddable":true,"href":"http:\/\/scientifiquesfrancais.fr\/index.php?rest_route=\/wp\/v2\/users\/1"}],"replies":[{"embeddable":true,"href":"http:\/\/scientifiquesfrancais.fr\/index.php?rest_route=%2Fwp%2Fv2%2Fcomments&post=1836"}],"version-history":[{"count":3,"href":"http:\/\/scientifiquesfrancais.fr\/index.php?rest_route=\/wp\/v2\/posts\/1836\/revisions"}],"predecessor-version":[{"id":1843,"href":"http:\/\/scientifiquesfrancais.fr\/index.php?rest_route=\/wp\/v2\/posts\/1836\/revisions\/1843"}],"wp:featuredmedia":[{"embeddable":true,"href":"http:\/\/scientifiquesfrancais.fr\/index.php?rest_route=\/wp\/v2\/media\/1841"}],"wp:attachment":[{"href":"http:\/\/scientifiquesfrancais.fr\/index.php?rest_route=%2Fwp%2Fv2%2Fmedia&parent=1836"}],"wp:term":[{"taxonomy":"category","embeddable":true,"href":"http:\/\/scientifiquesfrancais.fr\/index.php?rest_route=%2Fwp%2Fv2%2Fcategories&post=1836"},{"taxonomy":"post_tag","embeddable":true,"href":"http:\/\/scientifiquesfrancais.fr\/index.php?rest_route=%2Fwp%2Fv2%2Ftags&post=1836"}],"curies":[{"name":"wp","href":"https:\/\/api.w.org\/{rel}","templated":true}]}}