{"id":1504,"date":"2024-08-16T13:54:34","date_gmt":"2024-08-16T11:54:34","guid":{"rendered":"http:\/\/scientifiquesfrancais.fr\/?p=1504"},"modified":"2024-08-16T14:00:06","modified_gmt":"2024-08-16T12:00:06","slug":"le-puissant-message-de-paix-de-thomas-bach-est-reconnu-dans-le-monde-entier-le-professeur-jayasekera-de-liuhac-reagit","status":"publish","type":"post","link":"http:\/\/scientifiquesfrancais.fr\/?p=1504","title":{"rendered":"Le puissant message de paix de Thomas Bach est reconnu dans le monde entier : Le professeur Jayasekera de l&rsquo;IUHAC r\u00e9agit"},"content":{"rendered":"<figure id=\"attachment_1505\" aria-describedby=\"caption-attachment-1505\" style=\"width: 300px\" class=\"wp-caption alignnone\"><img loading=\"lazy\" decoding=\"async\" class=\"size-medium wp-image-1505\" src=\"http:\/\/scientifiquesfrancais.fr\/wp-content\/uploads\/2024\/08\/Thomas-bach5-300x225.jpeg\" alt=\"\" width=\"300\" height=\"225\" srcset=\"http:\/\/scientifiquesfrancais.fr\/wp-content\/uploads\/2024\/08\/Thomas-bach5-300x225.jpeg 300w, http:\/\/scientifiquesfrancais.fr\/wp-content\/uploads\/2024\/08\/Thomas-bach5-768x576.jpeg 768w, http:\/\/scientifiquesfrancais.fr\/wp-content\/uploads\/2024\/08\/Thomas-bach5.jpeg 1024w\" sizes=\"auto, (max-width: 300px) 100vw, 300px\" \/><figcaption id=\"caption-attachment-1505\" class=\"wp-caption-text\">Thomas Bach &#8211; Pr\u00e9sident du CIO<\/figcaption><\/figure>\n<p>Paris, France &#8211; Dans un monde de plus en plus divis\u00e9, l&rsquo;importance de l&rsquo;unit\u00e9 et de la paix est plus cruciale que jamais. C&rsquo;est ce qu&rsquo;a soulign\u00e9 avec force le dimanche 4 ao\u00fbt 2024, lors d&rsquo;une c\u00e9r\u00e9monie olympique interconfessionnelle dans l&rsquo;historique cath\u00e9drale Notre-Dame de Paris. L&rsquo;\u00e9v\u00e9nement, qui a rassembl\u00e9 des dirigeants des cinq principales religions du monde, a \u00e9t\u00e9 marqu\u00e9 par un discours \u00e9mouvant de Thomas Bach, pr\u00e9sident du Comit\u00e9 international olympique (CIO). Ses paroles ont transcend\u00e9 les fronti\u00e8res et les croyances, incarnant le v\u00e9ritable esprit olympique, un esprit d&rsquo;unit\u00e9, de paix et de coop\u00e9ration mondiale.<\/p>\n<p>\u00ab Dans ce v\u00e9ritable esprit olympique, j&rsquo;en appelle \u00e0 vous tous, quelle que soit votre foi. Rejoignons les athl\u00e8tes dans leur appel \u00e0 la paix. S&rsquo;il vous pla\u00eet, partagez cet appel \u00e0 la paix avec toutes vos communaut\u00e9s religieuses. Ainsi, nos nombreuses voix ne feront qu&rsquo;une \u00bb, a d\u00e9clar\u00e9 M. Bach. Son discours, prononc\u00e9 lors des Jeux olympiques de Paris 2024, n&rsquo;\u00e9tait pas seulement un appel \u00e0 l&rsquo;action, mais un cri de ralliement pour que l&rsquo;humanit\u00e9 s&rsquo;unisse au nom de la paix.<\/p>\n<p>Le Conseil universitaire sup\u00e9rieur interuniversitaire (IUHAC) et la Fondation internationale caritative pour l&rsquo;interaction humanitaire (ICF) sont profond\u00e9ment \u00e9mus et reconnaissants des paroles profondes de M. Bach. Son message puissant r\u00e9sonne avec notre mission et nous incite \u00e0 redoubler d&rsquo;efforts pour promouvoir la paix dans le monde. L&rsquo;appel de M. Bach nous rappelle opportun\u00e9ment l&rsquo;importance universelle de la paix, et nous le remercions d&rsquo;avoir utilis\u00e9 sa tribune pour d\u00e9fendre cette cause essentielle.<\/p>\n<p>Cet \u00e9v\u00e9nement \u0153cum\u00e9nique, con\u00e7u pour c\u00e9l\u00e9brer la fraternit\u00e9 entre les peuples et les religions, a \u00e9galement rendu hommage \u00e0 la premi\u00e8re rencontre interreligieuse organis\u00e9e \u00e0 Paris en 1924 par Pierre de Coubertin, le p\u00e8re fondateur des Jeux olympiques modernes. La c\u00e9r\u00e9monie de 2024 a non seulement honor\u00e9 cet h\u00e9ritage, mais a \u00e9galement soulign\u00e9 le besoin urgent de paix dans le monde d&rsquo;aujourd&rsquo;hui, en particulier face \u00e0 la mont\u00e9e des tensions et des conflits mondiaux.<\/p>\n<p>Les paroles de M. Bach nous rappellent avec force que l&rsquo;action collective peut favoriser l&rsquo;harmonie dans le monde. Son appel \u00e0 la paix r\u00e9sonne profond\u00e9ment avec les efforts que nous d\u00e9ployons actuellement \u00e0 l&rsquo;UIHAC et \u00e0 l&rsquo;ICF. Nous avons r\u00e9cemment lanc\u00e9 l&rsquo;initiative \u00ab Ambassadeur de la paix \u00bb, une \u00e9tape importante vers l&rsquo;harmonie mondiale.<\/p>\n<p>L&rsquo;initiative \u00ab Ambassadeur de la paix \u00bb : Un effort mondial pour l&rsquo;harmonie<\/p>\n<p>L&rsquo;UIHAC, dont le si\u00e8ge est \u00e0 Paris, en France, se consacre \u00e0 la promotion de la paix \u00e0 l&rsquo;\u00e9chelle mondiale. En collaboration avec l&rsquo;ICF, nous avons introduit le titre honorifique d&rsquo;\u00ab Ambassadeur de paix \u00bb, une reconnaissance destin\u00e9e \u00e0 renforcer les individus qui se consacrent aux efforts de construction de la paix \u00e0 travers le monde.<\/p>\n<p>Le titre d&rsquo;\u00ab Ambassadeur de la paix \u00bb est plus qu&rsquo;une simple distinction honorifique ; il repr\u00e9sente notre engagement \u00e0 faire progresser la paix et la compr\u00e9hension par des actions tangibles. En unissant nos efforts \u00e0 ceux de l&rsquo;ICF, nous visons \u00e0 cr\u00e9er un r\u00e9seau mondial de d\u00e9fenseurs de la paix qui collaboreront sur des projets, partageront les meilleures pratiques et inspireront des changements positifs dans leurs communaut\u00e9s respectives. Dans le cadre de cette initiative, nous proposons \u00e9galement un \u00ab titre d&rsquo;ambassadeur de la paix \u00bb, qui symbolise notre engagement en faveur de la paix dans le monde.<\/p>\n<p>\u00ab Nous pensons que la promotion de la paix n&rsquo;est pas seulement un id\u00e9al noble, mais une n\u00e9cessit\u00e9 pratique dans le monde interconnect\u00e9 d&rsquo;aujourd&rsquo;hui \u00bb, a fait remarquer le professeur Shanti Jayasekara, pr\u00e9sident de l&rsquo;UIHAC et de l&rsquo;ICF et grand d\u00e9fenseur de la paix dans le monde. \u00ab En nous associant \u00e0 l&rsquo;IUHAC, nous pouvons amplifier notre impact et atteindre davantage de communaut\u00e9s gr\u00e2ce \u00e0 des strat\u00e9gies efficaces de consolidation de la paix.<\/p>\n<p>Notre collaboration souligne l&rsquo;importance de la coop\u00e9ration internationale pour relever les d\u00e9fis mondiaux. Gr\u00e2ce \u00e0 des initiatives conjointes et \u00e0 des ressources partag\u00e9es, nous cherchons \u00e0 donner aux ambassadeurs de paix les moyens de montrer l&rsquo;exemple, de favoriser le dialogue et de r\u00e9soudre les conflits par des moyens pacifiques.<\/p>\n<p>L&rsquo;impact mondial de l&rsquo;initiative des ambassadeurs de paix<\/p>\n<p>Notre initiative visant \u00e0 nommer des ambassadeurs de paix constitue une \u00e9tape importante vers l&rsquo;harmonie mondiale. Plut\u00f4t que de se concentrer sur des r\u00e9gions sp\u00e9cifiques, cette initiative vise \u00e0 cr\u00e9er un r\u00e9seau mondial de b\u00e2tisseurs de paix qui travailleront collectivement pour favoriser la compr\u00e9hension, att\u00e9nuer les conflits et promouvoir le dialogue entre les cultures et les communaut\u00e9s.<\/p>\n<p>Ces ambassadeurs de la paix seront des phares d&rsquo;espoir et d&rsquo;unit\u00e9, incarnant les principes de paix, d&#8217;empathie et de coop\u00e9ration mondiale. Leur r\u00f4le est essentiel pour s&rsquo;attaquer aux causes profondes des conflits, promouvoir la coh\u00e9sion sociale et soutenir les initiatives qui renforcent la r\u00e9silience des communaut\u00e9s dans le monde entier.<\/p>\n<p>Nous pensons que la paix n&rsquo;est pas simplement l&rsquo;absence de conflit, mais la pr\u00e9sence de la justice, du respect et de la compr\u00e9hension mutuelle. La paix est le fondement sur lequel toutes les autres aspirations de l&rsquo;humanit\u00e9 &#8211; telles que le d\u00e9veloppement, l&rsquo;\u00e9galit\u00e9 et les droits de l&rsquo;homme &#8211; peuvent \u00eatre r\u00e9alis\u00e9es. Dans un monde o\u00f9 les divisions et les conflits sont de plus en plus fr\u00e9quents, on ne saurait trop insister sur l&rsquo;importance de la paix. C&rsquo;est la cl\u00e9 qui permettra aux g\u00e9n\u00e9rations futures de vivre dans un monde d\u00e9barrass\u00e9 du fl\u00e9au de la guerre et de la violence.<\/p>\n<p>L&rsquo;initiative \u00ab Ambassadeur de paix \u00bb est notre r\u00e9ponse puissante \u00e0 l&rsquo;appel mondial \u00e0 la paix, tel qu&rsquo;il a \u00e9t\u00e9 formul\u00e9 par Thomas Bach lors de la c\u00e9r\u00e9monie olympique interconfessionnelle. Elle s&rsquo;inscrit dans notre vision plus large de la cr\u00e9ation d&rsquo;un monde plus pacifique et plus harmonieux, o\u00f9 le dialogue l&#8217;emporte sur la discorde et la coop\u00e9ration sur le conflit.<\/p>\n<p>Nous invitons tout le monde \u00e0 nous rejoindre dans cette noble cause. Ensemble, nous pouvons construire un monde o\u00f9 la paix n&rsquo;est pas seulement une aspiration mais une r\u00e9alit\u00e9. Venez nous rejoindre pour faire de la paix une r\u00e9alit\u00e9 dans le monde entier. Que ce soit en devenant ambassadeur de paix ou en soutenant nos initiatives, votre implication est cruciale pour notre succ\u00e8s collectif.<\/p>\n<p>Alors que nous r\u00e9fl\u00e9chissons \u00e0 l&rsquo;importance de la paix dans le monde d&rsquo;aujourd&rsquo;hui, nous devons appr\u00e9cier l&rsquo;impact profond du discours de M. Bach et de nos efforts \u00e0 l&rsquo;IUHAC et \u00e0 l&rsquo;ICF. Ensemble, gr\u00e2ce \u00e0 la collaboration et \u00e0 une vision commune, nous pouvons construire un monde o\u00f9 la paix n&rsquo;est pas seulement une aspiration, mais une r\u00e9alit\u00e9.<\/p>\n<p><strong><em>Par J.S.K.Jayasekara, docteur en journalisme<\/em><\/strong><\/p>\n<p>&nbsp;<\/p>\n","protected":false},"excerpt":{"rendered":"<p>Paris, France &#8211; Dans un monde de plus en plus divis\u00e9, l&rsquo;importance de l&rsquo;unit\u00e9 et&#8230;<\/p>\n","protected":false},"author":1,"featured_media":1508,"comment_status":"open","ping_status":"open","sticky":false,"template":"","format":"standard","meta":{"footnotes":""},"categories":[5,27],"tags":[],"class_list":["post-1504","post","type-post","status-publish","format-standard","has-post-thumbnail","hentry","category-nouvelles","category-relations-internationales"],"_links":{"self":[{"href":"http:\/\/scientifiquesfrancais.fr\/index.php?rest_route=\/wp\/v2\/posts\/1504","targetHints":{"allow":["GET"]}}],"collection":[{"href":"http:\/\/scientifiquesfrancais.fr\/index.php?rest_route=\/wp\/v2\/posts"}],"about":[{"href":"http:\/\/scientifiquesfrancais.fr\/index.php?rest_route=\/wp\/v2\/types\/post"}],"author":[{"embeddable":true,"href":"http:\/\/scientifiquesfrancais.fr\/index.php?rest_route=\/wp\/v2\/users\/1"}],"replies":[{"embeddable":true,"href":"http:\/\/scientifiquesfrancais.fr\/index.php?rest_route=%2Fwp%2Fv2%2Fcomments&post=1504"}],"version-history":[{"count":5,"href":"http:\/\/scientifiquesfrancais.fr\/index.php?rest_route=\/wp\/v2\/posts\/1504\/revisions"}],"predecessor-version":[{"id":1511,"href":"http:\/\/scientifiquesfrancais.fr\/index.php?rest_route=\/wp\/v2\/posts\/1504\/revisions\/1511"}],"wp:featuredmedia":[{"embeddable":true,"href":"http:\/\/scientifiquesfrancais.fr\/index.php?rest_route=\/wp\/v2\/media\/1508"}],"wp:attachment":[{"href":"http:\/\/scientifiquesfrancais.fr\/index.php?rest_route=%2Fwp%2Fv2%2Fmedia&parent=1504"}],"wp:term":[{"taxonomy":"category","embeddable":true,"href":"http:\/\/scientifiquesfrancais.fr\/index.php?rest_route=%2Fwp%2Fv2%2Fcategories&post=1504"},{"taxonomy":"post_tag","embeddable":true,"href":"http:\/\/scientifiquesfrancais.fr\/index.php?rest_route=%2Fwp%2Fv2%2Ftags&post=1504"}],"curies":[{"name":"wp","href":"https:\/\/api.w.org\/{rel}","templated":true}]}}